{"id":46536,"date":"2022-10-04T13:32:56","date_gmt":"2022-10-04T18:32:56","guid":{"rendered":"https:\/\/www.zonaroja.com.mx\/?p=46536"},"modified":"2022-10-04T13:33:00","modified_gmt":"2022-10-04T18:33:00","slug":"triste-final-muere-en-la-carcel-abogado-que-asesino-a-su-esposa","status":"publish","type":"post","link":"https:\/\/zonaroja.com.mx\/?p=46536","title":{"rendered":"Triste final: muere en la c\u00e1rcel abogado que asesin\u00f3 a su esposa"},"content":{"rendered":"\n<p>Redacci\u00f3n\/Zona Roja Cdmx.<\/p>\n\n\n\n<p>Ciudad de M\u00e9xico, a 4 de octubre de 2022.- La Secretar\u00eda de Seguridad Ciudadana (SSC) de la Ciudad de M\u00e9xico confirm\u00f3 que el abogado Jes\u00fas Hern\u00e1ndez Alcocer falleci\u00f3 en el Reclusorio Norte, donde permanec\u00eda en prisi\u00f3n preventiva se\u00f1alado del feminicidio de su esposa, Yrma Lydya Gamboa, que fue cometido el 23 de junio.<\/p>\n\n\n\n<p>El crimen ocurri\u00f3 en el restaurante \u201cSuntory\u201d de la capital del pa\u00eds, cuando el abogado presuntamente sac\u00f3 su arma y dispar\u00f3 contra su c\u00f3nyuge; fue detenido pese a contar con guardias de seguridad y neg\u00f3 los hechos.&nbsp;<\/p>\n\n\n\n<p>De acuerdo con los reportes, Jes\u00fas Hern\u00e1ndez hab\u00eda manifestado \u00absentirse mal de salud\u00bb por lo que fue trasladado al servicio m\u00e9dico del centro, donde se le brind\u00f3 atenci\u00f3n m\u00e9dica, sin embargo, a las 10:45 horas de hoy se confirm\u00f3 que hab\u00eda fallecido.<\/p>\n\n\n\n<p>El abogado hab\u00eda sido reportado en condici\u00f3n de salud delicada, debido a que el pasado 12 de septiembre sufri\u00f3 un infarto cerebro vascular, por lo que se le realizaron tomograf\u00edas.&nbsp;<\/p>\n\n\n\n<p>En julio, la Fiscal\u00eda de la Ciudad de M\u00e9xico inform\u00f3 sobre el ataque a balazos al interior de un restaurante ubicado en la colonia&nbsp;Del Valle, alcald\u00eda Benito Ju\u00e1rez, en el que Jes\u00fas mat\u00f3 a su&nbsp;esposa&nbsp;al disparar en tres ocasiones en su contra.<\/p>\n\n\n\n<p>El 7 de julio pasado, Ernestina Godoy, fiscal general de Justicia de la Ciudad de M\u00e9xico, asegur\u00f3 que el feminicidio de la cantante Yrma Lydia no quedar\u00eda impune y que no habr\u00eda \u201ccompadrazgos ni influyentismos\u201d que evitasen una sanci\u00f3n ejemplar en contra de Jes\u00fas \u201cN\u201d y Benjam\u00edn \u201cN\u201d, este \u00faltimo escolta del abogado.<\/p>\n","protected":false},"excerpt":{"rendered":"<p>Redacci\u00f3n\/Zona Roja Cdmx. Ciudad de M\u00e9xico, a 4 de octubre de 2022.- La Secretar\u00eda de&hellip;<\/p>\n","protected":false},"author":2,"featured_media":46535,"comment_status":"closed","ping_status":"open","sticky":false,"template":"","format":"standard","meta":{"_lmt_disableupdate":"","_lmt_disable":"","_jetpack_memberships_contains_paid_content":false,"footnotes":""},"categories":[109,47],"tags":[],"class_list":["post-46536","post","type-post","status-publish","format-standard","has-post-thumbnail","hentry","category-minuto-a-minuto","category-zona-gris"],"jetpack_featured_media_url":"https:\/\/zonaroja.com.mx\/wp-content\/uploads\/2022\/10\/img_8273.jpg","jetpack_sharing_enabled":true,"_links":{"self":[{"href":"https:\/\/zonaroja.com.mx\/index.php?rest_route=\/wp\/v2\/posts\/46536","targetHints":{"allow":["GET"]}}],"collection":[{"href":"https:\/\/zonaroja.com.mx\/index.php?rest_route=\/wp\/v2\/posts"}],"about":[{"href":"https:\/\/zonaroja.com.mx\/index.php?rest_route=\/wp\/v2\/types\/post"}],"author":[{"embeddable":true,"href":"https:\/\/zonaroja.com.mx\/index.php?rest_route=\/wp\/v2\/users\/2"}],"replies":[{"embeddable":true,"href":"https:\/\/zonaroja.com.mx\/index.php?rest_route=%2Fwp%2Fv2%2Fcomments&post=46536"}],"version-history":[{"count":1,"href":"https:\/\/zonaroja.com.mx\/index.php?rest_route=\/wp\/v2\/posts\/46536\/revisions"}],"predecessor-version":[{"id":46537,"href":"https:\/\/zonaroja.com.mx\/index.php?rest_route=\/wp\/v2\/posts\/46536\/revisions\/46537"}],"wp:featuredmedia":[{"embeddable":true,"href":"https:\/\/zonaroja.com.mx\/index.php?rest_route=\/wp\/v2\/media\/46535"}],"wp:attachment":[{"href":"https:\/\/zonaroja.com.mx\/index.php?rest_route=%2Fwp%2Fv2%2Fmedia&parent=46536"}],"wp:term":[{"taxonomy":"category","embeddable":true,"href":"https:\/\/zonaroja.com.mx\/index.php?rest_route=%2Fwp%2Fv2%2Fcategories&post=46536"},{"taxonomy":"post_tag","embeddable":true,"href":"https:\/\/zonaroja.com.mx\/index.php?rest_route=%2Fwp%2Fv2%2Ftags&post=46536"}],"curies":[{"name":"wp","href":"https:\/\/api.w.org\/{rel}","templated":true}]}}