{"id":46538,"date":"2022-10-04T15:13:29","date_gmt":"2022-10-04T20:13:29","guid":{"rendered":"http:\/\/www.zonaroja.com.mx\/?p=46538"},"modified":"2022-10-04T15:13:31","modified_gmt":"2022-10-04T20:13:31","slug":"tras-12-anos-de-conflicto-nopalera-y-zimatlan-signaran-acuerdo-de-paz","status":"publish","type":"post","link":"https:\/\/zonaroja.com.mx\/?p=46538","title":{"rendered":"Tras 12 a\u00f1os de conflicto, Nopalera y Zimatl\u00e1n signar\u00e1n acuerdo de paz"},"content":{"rendered":"\n<p>Yuridiana Sosa\/Zona Roja<\/p>\n\n\n\n<p>Oaxaca de Ju\u00e1rez, Oax., a 4 de octubre de 2022.- Las comunidades de San Sebasti\u00e1n Nopalera y Zimatl\u00e1n de L\u00e1zaro C\u00e1rdenas, Oaxaca, dan fin a lo que ellos mismos denominan \u201cun episodio de tristeza y sufrimiento,\u201d por un conflicto agrario que tard\u00f3 12 a\u00f1os y dej\u00f3 15 muertos, 10 desaparecidos y 48 heridos.<\/p>\n\n\n\n<p>Autoridades municipales, agrarias y ejidales de ambas poblaciones firmar\u00e1n este 5 de octubre en la Secretar\u00eda de Gobernaci\u00f3n (Segob) un convenio de paz ante los gobiernos federal, estatal y de la Comisi\u00f3n Interamericana de Derechos Humanos.<\/p>\n\n\n\n<p>Sin embargo, fue la misma insistencia y acuerdos sociales entre ambas poblaciones lo que permiti\u00f3 iniciar el camino de la conciliaci\u00f3n, as\u00ed como que finalmente las autoridades lograran atender las demandas para la firma del documento, con el que dan fin a m\u00e1s de una d\u00e9cada de enfrentamientos.<\/p>\n\n\n\n<p>En conferencia de prensa desde la Defensor\u00eda de los Derechos Humanos del Pueblo de Oaxaca, en la capital del estado, las comunidades recordaron que el conflicto de tierras motiv\u00f3 en 2012 a que la asamblea de San Sebasti\u00e1n Nopalera dividiera el ejido con la intenci\u00f3n de dar soluci\u00f3n al problema.<\/p>\n\n\n\n<p>Pues, el ejido de San Sebasti\u00e1n Nopalera, del municipio de Santa Luc\u00eda Monteverde, est\u00e1 integrado por varias comunidades a excepci\u00f3n de Zimatl\u00e1n de L\u00e1zaro C\u00e1rdenas, que pertenece administrativamente al municipio de Putla Villa de Guerrero, pero que colindan.<\/p>\n\n\n\n<figure class=\"wp-block-embed is-type-rich is-provider-twitter wp-block-embed-twitter\"><div class=\"wp-block-embed__wrapper\">\n<div class=\"twitter-tweet\"><blockquote class=\"twitter-tweet\" data-lang=\"es\"><p lang=\"es\" dir=\"ltr\"><a href=\"https:\/\/twitter.com\/hashtag\/%C3%9AltimoMinuto?src=hash&amp;ref_src=twsrc%5Etfw\">#\u00daltimoMinuto<\/a> <br>En un acuerdo hist\u00f3rico, logro de las propias comunidades, San Sebasti\u00e1n Nopalera y Zimatl\u00e1n de L\u00e1zaro C\u00e1rdenas, Oaxaca, anuncian acuerdo de paz para solucionar un conflicto de m\u00e1s de una d\u00e9cada, que dej\u00f3 como saldo 15 muertos, 10 desaparecidos y 48 heridos. <a href=\"https:\/\/t.co\/CH5D7bnP6p\">pic.twitter.com\/CH5D7bnP6p<\/a><\/p>&mdash; Zona Roja Oaxaca (@ZonaRoja_Oaxaca) <a href=\"https:\/\/twitter.com\/ZonaRoja_Oaxaca\/status\/1577335774256812035?ref_src=twsrc%5Etfw\">4 de octubre de 2022<\/a><\/blockquote><\/div>\n<\/div><\/figure>\n\n\n\n<p>Tras ese acuerdo de Nopalera, apuntaron, falt\u00f3 el apoyo institucional para consolidar la decisi\u00f3n, por lo que sigui\u00f3 la disputa a pesar de las medidas cautelares emitidas por la Comisi\u00f3n Interamericana de Derechos Humanos desde agosto del 2010 para proteger y dar seguridad a los habitantes de Zimatl\u00e1n de L\u00e1zaro C\u00e1rdenas.<\/p>\n\n\n\n<p>En otro intento de paz, en el a\u00f1o 2017 los dos pueblos, sin mediaci\u00f3n institucional, decidieron un di\u00e1logo para solicitar la presencia del ej\u00e9rcito en la zona, pero una vez m\u00e1s la petici\u00f3n fue ignorada y los enfrentamientos no cesaron.<\/p>\n\n\n\n<p>Fue hasta la llegada del actual gobierno federal que se logr\u00f3 en febrero del 2019 la instalaci\u00f3n de una Base de Operaciones Mixtas en la zona.<\/p>\n\n\n\n<p>En la voluntad de las poblaciones el pasado 9 y 10 de marzo se abri\u00f3 una brecha para delimitar una importante superficie de la zona en conflicto dando seguridad a ambas poblaciones.&nbsp;<\/p>\n\n\n\n<p>En el hecho estuvieron presentes autoridades de la Secretar\u00eda General de Gobierno, Secretar\u00eda de Seguridad P\u00fablica de Oaxaca, Defensor\u00eda de los Derechos Humanos del Pueblo de Oaxaca, Secretar\u00eda de Gobernaci\u00f3n, Registro Agrario Nacional, Comisi\u00f3n Nacional de Derechos Humanos y&nbsp; la Secretaria de la Defensa Nacional.<\/p>\n\n\n\n<p>Desde ese entonces y ante la insistencia de los habitantes, apenas este mes se lograr\u00e1 la firma del acuerdo de paz.&nbsp;<\/p>\n","protected":false},"excerpt":{"rendered":"<p>Yuridiana Sosa\/Zona Roja Oaxaca de Ju\u00e1rez, Oax., a 4 de octubre de 2022.- Las comunidades&hellip;<\/p>\n","protected":false},"author":2,"featured_media":46539,"comment_status":"closed","ping_status":"open","sticky":false,"template":"","format":"standard","meta":{"_lmt_disableupdate":"","_lmt_disable":"","_jetpack_memberships_contains_paid_content":false,"footnotes":""},"categories":[109,46],"tags":[2897],"class_list":["post-46538","post","type-post","status-publish","format-standard","has-post-thumbnail","hentry","category-minuto-a-minuto","category-zona-blanca","tag-san-sebastian-nopalera"],"jetpack_featured_media_url":"https:\/\/zonaroja.com.mx\/wp-content\/uploads\/2022\/10\/Conferencia-de-prensa-DDHPO-Nopalera-y-Zimatlan.jpg","jetpack_sharing_enabled":true,"_links":{"self":[{"href":"https:\/\/zonaroja.com.mx\/index.php?rest_route=\/wp\/v2\/posts\/46538","targetHints":{"allow":["GET"]}}],"collection":[{"href":"https:\/\/zonaroja.com.mx\/index.php?rest_route=\/wp\/v2\/posts"}],"about":[{"href":"https:\/\/zonaroja.com.mx\/index.php?rest_route=\/wp\/v2\/types\/post"}],"author":[{"embeddable":true,"href":"https:\/\/zonaroja.com.mx\/index.php?rest_route=\/wp\/v2\/users\/2"}],"replies":[{"embeddable":true,"href":"https:\/\/zonaroja.com.mx\/index.php?rest_route=%2Fwp%2Fv2%2Fcomments&post=46538"}],"version-history":[{"count":1,"href":"https:\/\/zonaroja.com.mx\/index.php?rest_route=\/wp\/v2\/posts\/46538\/revisions"}],"predecessor-version":[{"id":46540,"href":"https:\/\/zonaroja.com.mx\/index.php?rest_route=\/wp\/v2\/posts\/46538\/revisions\/46540"}],"wp:featuredmedia":[{"embeddable":true,"href":"https:\/\/zonaroja.com.mx\/index.php?rest_route=\/wp\/v2\/media\/46539"}],"wp:attachment":[{"href":"https:\/\/zonaroja.com.mx\/index.php?rest_route=%2Fwp%2Fv2%2Fmedia&parent=46538"}],"wp:term":[{"taxonomy":"category","embeddable":true,"href":"https:\/\/zonaroja.com.mx\/index.php?rest_route=%2Fwp%2Fv2%2Fcategories&post=46538"},{"taxonomy":"post_tag","embeddable":true,"href":"https:\/\/zonaroja.com.mx\/index.php?rest_route=%2Fwp%2Fv2%2Ftags&post=46538"}],"curies":[{"name":"wp","href":"https:\/\/api.w.org\/{rel}","templated":true}]}}