{"id":46541,"date":"2022-10-04T15:22:30","date_gmt":"2022-10-04T20:22:30","guid":{"rendered":"http:\/\/www.zonaroja.com.mx\/?p=46541"},"modified":"2022-10-04T18:00:00","modified_gmt":"2022-10-04T23:00:00","slug":"detiene-fiscalia-de-oaxaca-en-guanajuato-a-presunta-asesina-de-empresario","status":"publish","type":"post","link":"https:\/\/zonaroja.com.mx\/?p=46541","title":{"rendered":"Detiene Fiscal\u00eda de Oaxaca en Guanajuato a presunta asesina de empresario"},"content":{"rendered":"\n<p>Redacci\u00f3n\/Zona Roja.<\/p>\n\n\n\n<p>Oaxaca de Ju\u00e1rez, Oax., a 4 de octubre de 2022.- A cuatro d\u00edas de los hechos, la Fiscal\u00eda General del Estado de Oaxaca (FGEO) logr\u00f3 aprehender a una mujer acusada de haber asesinado a un empresario en la regi\u00f3n Cuenca del estado.<\/p>\n\n\n\n<p>Se trata de Saori O. D., quien el pasado 1 de octubre se presume que asesin\u00f3 a Erasmo V. M., en jurisdicci\u00f3n de Santiago Yaveo, distrito de Cho\u00e1pam.<\/p>\n\n\n\n<p>Tras el crimen, familiares del joven emitieron v\u00eda redes sociales fichas e informaci\u00f3n para localizar a la probable criminal del empresario agr\u00edcola e incluso ofrec\u00edan recompensa por datos o paradero de quien se\u00f1alan tambi\u00e9n de robo. <\/p>\n\n\n\n<p>Este d\u00eda la Fiscal\u00eda emiti\u00f3 un comunicado en que detall\u00f3 que, de acuerdo con la carpeta de investigaci\u00f3n 33870\/FCUE\/LOMBARDO\/2022, el pasado 1 de octubre de 2022, corporaciones polic\u00edacas informaron el hallazgo del cuerpo sin vida de la v\u00edctima en el Rancho \u201cLa B\u00e1scula\u201d, ubicado en la localidad de Llano Grande, de Santiago Yaveo.<\/p>\n\n\n\n<p>Por estos hechos, la Fiscal\u00eda General atrajo el caso -a trav\u00e9s de la Vicefiscal\u00eda Regional de la Cuenca- iniciando los actos de investigaci\u00f3n correspondientes y tras el trabajo colaborativo con la Fiscal\u00eda General del Estado de Guanajuato y la Agencia de Investigaci\u00f3n Criminal de Guanajuato, este martes 4 de octubre se logr\u00f3 dar cumplimiento a la orden de aprehensi\u00f3n girada en contra de la probable involucrada, quien se encontraba en la colonia Cervecera de la referida entidad.<\/p>\n\n\n\n<p>La probable responsable ser\u00e1 trasladada a Oaxaca para ser presentada ante la autoridad ministerial correspondiente que determinar\u00e1 su situaci\u00f3n jur\u00eddica.<\/p>\n\n\n\n<p>La Fiscal\u00eda de Oaxaca indic\u00f3 que realiza investigaciones exhaustivas, a fin de presentar ante la justicia a quienes resulten responsables de delitos, colaborando activamente con Instituciones de seguridad y procuraci\u00f3n de justicia de la Federaci\u00f3n.<\/p>\n","protected":false},"excerpt":{"rendered":"<p>Redacci\u00f3n\/Zona Roja. Oaxaca de Ju\u00e1rez, Oax., a 4 de octubre de 2022.- A cuatro d\u00edas&hellip;<\/p>\n","protected":false},"author":2,"featured_media":46542,"comment_status":"closed","ping_status":"open","sticky":false,"template":"","format":"standard","meta":{"_lmt_disableupdate":"","_lmt_disable":"","_jetpack_memberships_contains_paid_content":false,"footnotes":""},"categories":[109,46],"tags":[494],"class_list":["post-46541","post","type-post","status-publish","format-standard","has-post-thumbnail","hentry","category-minuto-a-minuto","category-zona-blanca","tag-fiscalia-general-del-estado-de-oaxaca"],"jetpack_featured_media_url":"https:\/\/zonaroja.com.mx\/wp-content\/uploads\/2022\/10\/Saori-Ortiz-Dominguez-asesinato-Cuenca.jpg","jetpack_sharing_enabled":true,"_links":{"self":[{"href":"https:\/\/zonaroja.com.mx\/index.php?rest_route=\/wp\/v2\/posts\/46541","targetHints":{"allow":["GET"]}}],"collection":[{"href":"https:\/\/zonaroja.com.mx\/index.php?rest_route=\/wp\/v2\/posts"}],"about":[{"href":"https:\/\/zonaroja.com.mx\/index.php?rest_route=\/wp\/v2\/types\/post"}],"author":[{"embeddable":true,"href":"https:\/\/zonaroja.com.mx\/index.php?rest_route=\/wp\/v2\/users\/2"}],"replies":[{"embeddable":true,"href":"https:\/\/zonaroja.com.mx\/index.php?rest_route=%2Fwp%2Fv2%2Fcomments&post=46541"}],"version-history":[{"count":2,"href":"https:\/\/zonaroja.com.mx\/index.php?rest_route=\/wp\/v2\/posts\/46541\/revisions"}],"predecessor-version":[{"id":46546,"href":"https:\/\/zonaroja.com.mx\/index.php?rest_route=\/wp\/v2\/posts\/46541\/revisions\/46546"}],"wp:featuredmedia":[{"embeddable":true,"href":"https:\/\/zonaroja.com.mx\/index.php?rest_route=\/wp\/v2\/media\/46542"}],"wp:attachment":[{"href":"https:\/\/zonaroja.com.mx\/index.php?rest_route=%2Fwp%2Fv2%2Fmedia&parent=46541"}],"wp:term":[{"taxonomy":"category","embeddable":true,"href":"https:\/\/zonaroja.com.mx\/index.php?rest_route=%2Fwp%2Fv2%2Fcategories&post=46541"},{"taxonomy":"post_tag","embeddable":true,"href":"https:\/\/zonaroja.com.mx\/index.php?rest_route=%2Fwp%2Fv2%2Ftags&post=46541"}],"curies":[{"name":"wp","href":"https:\/\/api.w.org\/{rel}","templated":true}]}}