{"id":46547,"date":"2022-10-04T21:57:57","date_gmt":"2022-10-05T02:57:57","guid":{"rendered":"http:\/\/www.zonaroja.com.mx\/?p=46547"},"modified":"2022-10-04T21:57:59","modified_gmt":"2022-10-05T02:57:59","slug":"el-ejercito-sospecha-de-los-gobiernos-de-morena-en-el-sureste","status":"publish","type":"post","link":"https:\/\/zonaroja.com.mx\/?p=46547","title":{"rendered":"El Ej\u00e9rcito sospecha de los gobiernos de Morena en el sureste"},"content":{"rendered":"\n<p>Redacci\u00f3n\/Zona Roja Cdmx.<\/p>\n\n\n\n<p>Ciudad de M\u00e9xico, a 4 de octubre de 2022.- La Secretar\u00eda de la Defensa Nacional (Sedena) considera que hay autoridades estatales y municipales de Morena que podr\u00edan estar vinculadas con c\u00e1rteles y grupos delictivos en el sureste del pa\u00eds, de acuerdo con una de las conclusiones de un informe fechado el 19 de enero por el Centro Regional de Fusi\u00f3n de Inteligencia \u201cSureste\u201d (Cerfise).<\/p>\n\n\n\n<p>El documento es una radiograf\u00eda de la operaci\u00f3n y estructura del crimen organizado en Campeche, Chiapas, Tabasco y Veracruz, estados gobernados por Morena, donde se identifica con nombre y apodo a los cabecillas regionales, pero no detalla qu\u00e9 pol\u00edticos y funcionarios podr\u00edan estar vinculados con los grupos delincuenciales.<\/p>\n\n\n\n<p>El Cerfise elabor\u00f3 este informe con el objetivo preciso de analizar la situaci\u00f3n de inseguridad y violencia en los estados que gobierna Morena.&nbsp;<\/p>\n\n\n\n<p>Aunque la regi\u00f3n tambi\u00e9n abarca Oaxaca, Quintana Roo y Yucat\u00e1n, el centro de inteligencia del sureste deicidio excluir a estos territorios gobernados por partidos de oposici\u00f3n y se centra s\u00f3lo en los de Morena.<\/p>\n\n\n\n<p>Despu\u00e9s de detallar los problemas de violencia en Campeche, Chiapas, Tabasco y Veracruz, la conclusi\u00f3n del Cerfise es que \u201cs\u00ed es viable que funcionarios estatales de nivel medio, as\u00ed como funcionarios municipales, puedan tener v\u00ednculos con estas personas\u201d.<\/p>\n\n\n\n<p>El reporte, que se encuentra entre los miles de documentos y correos electr\u00f3nicos obtenidos por los hackers \u201cGuacamaya\u201d advierte que en las entidades gobernadas por Layda Sansores (Campeche), Rutilio Escand\u00f3n (Chiapas), Carlos Manuel Merino Campos (Tabasco) y Cuitl\u00e1huac Garc\u00eda (Veracruz), la violencia puede aumentar.<\/p>\n\n\n\n<p>\u201cNo se descarta el incremento de los \u00edndices delictivos en estas entidades federativas debido a la pugna que mantiene el CGNJ con los diversos grupos delictivos\u201d, indica el documento firmado por un teniente coronel que es parte del Cerfise.<\/p>\n\n\n\n<p>Veracruz, gobernado por Cuitl\u00e1huac Garc\u00eda, es calificada como la peor entidad en incidencia delictiva de los cuatro estados analizados.<\/p>\n\n\n\n<p>M\u00e1s informaci\u00f3n, en este enlace de \u201cLatinus\u201d:<\/p>\n\n\n\n<figure class=\"wp-block-embed is-type-wp-embed is-provider-latin-us wp-block-embed-latin-us\"><div class=\"wp-block-embed__wrapper\">\n<blockquote class=\"wp-embedded-content\" data-secret=\"V3Ke6IqzgI\"><a href=\"https:\/\/latinus.us\/2022\/10\/03\/correos-sedena-ejercito-sospecha-de-los-gobiernos-de-morena-en-el-sureste-e-indaga-sus-presuntos-vinculos-con-la-delincuencia\/\">Correos Sedena: Ej\u00e9rcito sospecha de los gobiernos de Morena en el sureste e indaga sus posibles v\u00ednculos con la delincuencia<\/a><\/blockquote><iframe class=\"wp-embedded-content\" sandbox=\"allow-scripts\" security=\"restricted\" style=\"position: absolute; clip: rect(1px, 1px, 1px, 1px);\" title=\"&#8220;Correos Sedena: Ej\u00e9rcito sospecha de los gobiernos de Morena en el sureste e indaga sus posibles v\u00ednculos con la delincuencia&#8221; &#8212; Latin US\" src=\"https:\/\/latinus.us\/2022\/10\/03\/correos-sedena-ejercito-sospecha-de-los-gobiernos-de-morena-en-el-sureste-e-indaga-sus-presuntos-vinculos-con-la-delincuencia\/embed\/#?secret=mLsoeSUwyU#?secret=V3Ke6IqzgI\" data-secret=\"V3Ke6IqzgI\" width=\"600\" height=\"338\" frameborder=\"0\" marginwidth=\"0\" marginheight=\"0\" scrolling=\"no\"><\/iframe>\n<\/div><\/figure>\n","protected":false},"excerpt":{"rendered":"<p>Redacci\u00f3n\/Zona Roja Cdmx. Ciudad de M\u00e9xico, a 4 de octubre de 2022.- La Secretar\u00eda de&hellip;<\/p>\n","protected":false},"author":2,"featured_media":46417,"comment_status":"closed","ping_status":"open","sticky":false,"template":"","format":"standard","meta":{"_lmt_disableupdate":"","_lmt_disable":"","_jetpack_memberships_contains_paid_content":false,"footnotes":""},"categories":[109,47],"tags":[],"class_list":["post-46547","post","type-post","status-publish","format-standard","has-post-thumbnail","hentry","category-minuto-a-minuto","category-zona-gris"],"jetpack_featured_media_url":"https:\/\/zonaroja.com.mx\/wp-content\/uploads\/2022\/10\/Hackers-guacamana-ciberseguridad.jpeg","jetpack_sharing_enabled":true,"_links":{"self":[{"href":"https:\/\/zonaroja.com.mx\/index.php?rest_route=\/wp\/v2\/posts\/46547","targetHints":{"allow":["GET"]}}],"collection":[{"href":"https:\/\/zonaroja.com.mx\/index.php?rest_route=\/wp\/v2\/posts"}],"about":[{"href":"https:\/\/zonaroja.com.mx\/index.php?rest_route=\/wp\/v2\/types\/post"}],"author":[{"embeddable":true,"href":"https:\/\/zonaroja.com.mx\/index.php?rest_route=\/wp\/v2\/users\/2"}],"replies":[{"embeddable":true,"href":"https:\/\/zonaroja.com.mx\/index.php?rest_route=%2Fwp%2Fv2%2Fcomments&post=46547"}],"version-history":[{"count":1,"href":"https:\/\/zonaroja.com.mx\/index.php?rest_route=\/wp\/v2\/posts\/46547\/revisions"}],"predecessor-version":[{"id":46548,"href":"https:\/\/zonaroja.com.mx\/index.php?rest_route=\/wp\/v2\/posts\/46547\/revisions\/46548"}],"wp:featuredmedia":[{"embeddable":true,"href":"https:\/\/zonaroja.com.mx\/index.php?rest_route=\/wp\/v2\/media\/46417"}],"wp:attachment":[{"href":"https:\/\/zonaroja.com.mx\/index.php?rest_route=%2Fwp%2Fv2%2Fmedia&parent=46547"}],"wp:term":[{"taxonomy":"category","embeddable":true,"href":"https:\/\/zonaroja.com.mx\/index.php?rest_route=%2Fwp%2Fv2%2Fcategories&post=46547"},{"taxonomy":"post_tag","embeddable":true,"href":"https:\/\/zonaroja.com.mx\/index.php?rest_route=%2Fwp%2Fv2%2Ftags&post=46547"}],"curies":[{"name":"wp","href":"https:\/\/api.w.org\/{rel}","templated":true}]}}