{"id":46549,"date":"2022-10-05T06:46:07","date_gmt":"2022-10-05T11:46:07","guid":{"rendered":"http:\/\/www.zonaroja.com.mx\/?p=46549"},"modified":"2022-10-05T06:46:09","modified_gmt":"2022-10-05T11:46:09","slug":"revive-el-primor-y-aprueban-en-senado-extender-presencia-militar-al-2028","status":"publish","type":"post","link":"https:\/\/zonaroja.com.mx\/?p=46549","title":{"rendered":"Revive el PRIMor y aprueban en Senado extender presencia militar al 2028"},"content":{"rendered":"\n<p>Redacci\u00f3n\/Zona Roja Cdmx.<\/p>\n\n\n\n<p>Ciudad de M\u00e9xico, a 5 de octubre de 2022.- El pleno del Senado de la Rep\u00fablica aprob\u00f3 en lo general y particular la noche de este martes 4 de octubre, con 87 votos a favor, 40 en contra y ninguna abstenci\u00f3n, el nuevo dictamen de la reforma que plantea extender la presencia del Ej\u00e9rcito en tareas de seguridad p\u00fablica hasta 2028.<\/p>\n\n\n\n<p>Al incluir importantes modificaciones, la minuta ser\u00e1 remitida a la C\u00e1mara de Diputados para su discusi\u00f3n y votaci\u00f3n.<\/p>\n\n\n\n<p>Durante su participaci\u00f3n en la tribuna, el senador de Morena, Ricardo Monreal, asegur\u00f3 que las Fuerzas Armadas van a generar confianza entre la ciudadan\u00eda para ofrecer protecci\u00f3n y seguridad.<\/p>\n\n\n\n<p>\u201cNo m\u00e1s casos de Chihuahua, no m\u00e1s casos de Allende, no m\u00e1s casos de San Fernando, no m\u00e1s casos de Ayotzinapa.<\/p>\n\n\n\n<p>\u201cEn ninguno de ellos ha participado el Gobierno mexicano, el Gobierno encabezado por el presidente Andr\u00e9s Manuel L\u00f3pez Obrador no lo persiguen esas tragedias que enlutaron a nuestro pa\u00eds\u201d, sostuvo.<\/p>\n\n\n\n<p>El pasado 21 de septiembre, los senadores de Morena y sus aliados decidieron devolver el dictamen a comisiones tras calcular que no alcanzar\u00edan los sufragios necesarios para aprobar la iniciativa.<\/p>\n\n\n\n<p>Al implicar cambios a la Constituci\u00f3n, la propuesta para ampliar el periodo de las Fuerzas Armadas en tareas de seguridad p\u00fablica requiere de los votos de una mayor\u00eda calificada, es decir, dos terceras partes de los senadores presentes.<\/p>\n\n\n\n<p>Con el objetivo de recaudar los votos suficientes, Morena decidi\u00f3 llegar a acuerdos con legisladores de la oposici\u00f3n.<\/p>\n\n\n\n<p>El nuevo dictamen, explic\u00f3 el coordinador de Morena en el senado, Ricardo Monreal, ahora incluye la presentaci\u00f3n de informes semestrales sobre las tareas de las Fuerzas Armadas; la creaci\u00f3n de una comisi\u00f3n bicameral que los analice, dictamine y tenga la facultad de citar a los titulares del gabinete de Seguridad a comparecer, as\u00ed como el fortalecimiento de las instituciones de seguridad p\u00fablica con partidas presupuestales especiales.<\/p>\n\n\n\n<p>\u201cEl di\u00e1logo con los grupos parlamentarios ser\u00e1 permanente y respetuoso, para permitir el mayor consenso posible. Espero que las y los senadores apoyen la propuesta que ma\u00f1ana se discutir\u00e1 en el Pleno. En la C\u00e1mara Alta acreditamos con hechos la voluntad de construir acuerdos\u201d, public\u00f3 Monreal en su cuenta de Twitter.<\/p>\n\n\n\n<p>Las modificaciones a la minuta original ahora deber\u00e1n ser analizadas y sometidas a votaci\u00f3n nuevamente por la C\u00e1mara de Diputados.<\/p>\n\n\n\n<p>El documento fue avalado este lunes por las comisiones de Puntos Constitucionales y de Estudios Legislativos, Segunda con 19 votos a favor, 10 en contra y una abstenci\u00f3n y entregado este martes al pleno del Senado para su discusi\u00f3n y votaci\u00f3n.<\/p>\n\n\n\n<p>(Informaci\u00f3n de \u201cEl Financiero\u201d)<\/p>\n","protected":false},"excerpt":{"rendered":"<p>Redacci\u00f3n\/Zona Roja Cdmx. Ciudad de M\u00e9xico, a 5 de octubre de 2022.- El pleno del&hellip;<\/p>\n","protected":false},"author":2,"featured_media":46029,"comment_status":"closed","ping_status":"open","sticky":false,"template":"","format":"standard","meta":{"_lmt_disableupdate":"","_lmt_disable":"","_jetpack_memberships_contains_paid_content":false,"footnotes":""},"categories":[109,47],"tags":[771],"class_list":["post-46549","post","type-post","status-publish","format-standard","has-post-thumbnail","hentry","category-minuto-a-minuto","category-zona-gris","tag-senado-de-la-republica"],"jetpack_featured_media_url":"https:\/\/zonaroja.com.mx\/wp-content\/uploads\/2022\/09\/Ejercito-Mexicano-en-las-calles-2.jpeg","jetpack_sharing_enabled":true,"_links":{"self":[{"href":"https:\/\/zonaroja.com.mx\/index.php?rest_route=\/wp\/v2\/posts\/46549","targetHints":{"allow":["GET"]}}],"collection":[{"href":"https:\/\/zonaroja.com.mx\/index.php?rest_route=\/wp\/v2\/posts"}],"about":[{"href":"https:\/\/zonaroja.com.mx\/index.php?rest_route=\/wp\/v2\/types\/post"}],"author":[{"embeddable":true,"href":"https:\/\/zonaroja.com.mx\/index.php?rest_route=\/wp\/v2\/users\/2"}],"replies":[{"embeddable":true,"href":"https:\/\/zonaroja.com.mx\/index.php?rest_route=%2Fwp%2Fv2%2Fcomments&post=46549"}],"version-history":[{"count":1,"href":"https:\/\/zonaroja.com.mx\/index.php?rest_route=\/wp\/v2\/posts\/46549\/revisions"}],"predecessor-version":[{"id":46550,"href":"https:\/\/zonaroja.com.mx\/index.php?rest_route=\/wp\/v2\/posts\/46549\/revisions\/46550"}],"wp:featuredmedia":[{"embeddable":true,"href":"https:\/\/zonaroja.com.mx\/index.php?rest_route=\/wp\/v2\/media\/46029"}],"wp:attachment":[{"href":"https:\/\/zonaroja.com.mx\/index.php?rest_route=%2Fwp%2Fv2%2Fmedia&parent=46549"}],"wp:term":[{"taxonomy":"category","embeddable":true,"href":"https:\/\/zonaroja.com.mx\/index.php?rest_route=%2Fwp%2Fv2%2Fcategories&post=46549"},{"taxonomy":"post_tag","embeddable":true,"href":"https:\/\/zonaroja.com.mx\/index.php?rest_route=%2Fwp%2Fv2%2Ftags&post=46549"}],"curies":[{"name":"wp","href":"https:\/\/api.w.org\/{rel}","templated":true}]}}