{"id":46554,"date":"2022-10-06T10:00:00","date_gmt":"2022-10-06T15:00:00","guid":{"rendered":"http:\/\/www.zonaroja.com.mx\/?p=46554"},"modified":"2022-10-06T06:45:49","modified_gmt":"2022-10-06T11:45:49","slug":"opinion-lopez-obrador-claudicar-ante-las-estructuras","status":"publish","type":"post","link":"https:\/\/zonaroja.com.mx\/?p=46554","title":{"rendered":"Opini\u00f3n. L\u00f3pez Obrador: claudicar ante las estructuras"},"content":{"rendered":"\n<p>Gibr\u00e1n Ram\u00edrez Reyes*<\/p>\n\n\n\n<p>Las fuerzas estructurales de la historia suelen imponerse a los individuos. Las clases sociales, los intereses de la econom\u00eda pol\u00edtica \u2013todo lo que suele llamarse factores reales de poder\u2014 las ideas dominantes, las pasiones que estructuran patrones de acci\u00f3n m\u00e1s regulares en una cultura y una \u00e9poca de lo que cualquier visi\u00f3n individualista querr\u00eda \u2013es decir, una cierta estructura moral\u2014, todo aquello que damos en llamar esp\u00edritu de la \u00e9poca puede tragarse a cualquier lucha por tenaz, leg\u00edtima y noble que parezca o empiece.&nbsp;<\/p>\n\n\n\n<p>La hegemon\u00eda, tal y como dec\u00eda Miliband, est\u00e1 m\u00e1s hecha de resignaci\u00f3n ante el paso de esas fuerzas y esas estructuras econ\u00f3micas, pol\u00edticas y morales, que de adhesi\u00f3n activa.&nbsp;<\/p>\n\n\n\n<p>Por eso, creo que es irresponsable culpar \u00fanicamente a L\u00f3pez Obrador y la flexibilidad de sus principios (y de quienes lo siguen) de la militarizaci\u00f3n y la decadencia del presente, obra de la clase pol\u00edtica en su conjunto.&nbsp;<\/p>\n\n\n\n<p>S\u00ed es, en cambio, el responsable de terminar con la inestabilidad de la hegemon\u00eda neoliberal.&nbsp;<\/p>\n\n\n\n<p>En su momento, Octavio Rodr\u00edguez Araujo habl\u00f3 de dos reg\u00edmenes sobrepuestos, porque hab\u00eda fuerzas sociales del viejo r\u00e9gimen que no dejaban triunfar plenamente las ideas neoliberales.&nbsp;<\/p>\n\n\n\n<p>Nunca el neoliberalismo consigui\u00f3 carta de legitimidad en todas las fuerzas pol\u00edticas grandes del pa\u00eds sino hasta nuestros d\u00edas: decir que ha terminado el r\u00e9gimen neoliberal cuando sus rasgos esenciales s\u00f3lo se han endurecido s\u00f3lo lo naturaliza.&nbsp;<\/p>\n\n\n\n<p>Algunos pens\u00e1bamos que, de darse, el fracaso de la autoproclamada 4T, tal y como est\u00e1 sucediendo, abrir\u00eda el paso a una derecha extrema. He cambiado de opini\u00f3n. AMLO ha logrado ocupar todo el espectro pol\u00edtico.&nbsp;<\/p>\n\n\n\n<p>Las principales fuerzas de la izquierda partidista y sus \u00e9lites se licuaron en Morena.&nbsp;<\/p>\n\n\n\n<p>Sosteniendo que este gobierno es de izquierda han perdido ahora sus viejas ideas, pero han ganado poder y dinero. Algunos, incluso, prestigio.&nbsp;<\/p>\n\n\n\n<p>Aunque por su condici\u00f3n de partido triunfador buena parte de la clase pol\u00edtica del neoliberalismo se ha mudado a Morena, por motivos identitarios, la izquierda tardar\u00e1 en rearticularse en un partido, si llega a hacerlo.&nbsp;<\/p>\n\n\n\n<p>Pero AMLO tambi\u00e9n ha cerrado el espacio para el surgimiento de la derecha extrema. El presidente tiene un discurso patri\u00f3tico y ahora militarista.&nbsp;<\/p>\n\n\n\n<p>El desarrollo y la seguridad social han sido sustituidos por una pol\u00edtica de transferencias sin mayor horizonte, con la idea conservadora a la vez que privatizadora de que la principal instituci\u00f3n de seguridad social es la familia. \u00bfHacia d\u00f3nde crecer\u00eda una derecha extrema?&nbsp;<\/p>\n\n\n\n<p>El \u00fanico espacio que les ha dejado AMLO es el de las reivindicaciones m\u00e1s rocambolescas. Por eso, quienes han aspirado a ocupar ese lugar, como Gabriel Quadri, han terminado en caricatura.&nbsp;<\/p>\n\n\n\n<p>La orfandad pol\u00edtica de nuestros partidos s\u00f3lo terminar\u00e1 con una combinaci\u00f3n de dos cosas: un cambio generacional y una renovaci\u00f3n intelectual.&nbsp;<\/p>\n\n\n\n<p>Puede haber insumos en la tradici\u00f3n del liberalismo social mexicano que AMLO alguna vez dijo seguir.&nbsp;<\/p>\n\n\n\n<p>Frente al militarismo habr\u00e1 que blandir a Ju\u00e1rez, frente a las pol\u00edticas que reivindican el espacio privado como sustituto de las instituciones p\u00fablicas, a L\u00e1zaro C\u00e1rdenas, frente a la intolerancia y los embates al pluralismo, a Reyes Heroles.&nbsp;<\/p>\n\n\n\n<p>*Doctor en ciencia pol\u00edtica.<\/p>\n\n\n\n<p>@gibranrr<\/p>\n","protected":false},"excerpt":{"rendered":"<p>Gibr\u00e1n Ram\u00edrez Reyes* Las fuerzas estructurales de la historia suelen imponerse a los individuos. Las&hellip;<\/p>\n","protected":false},"author":2,"featured_media":41734,"comment_status":"closed","ping_status":"open","sticky":false,"template":"","format":"standard","meta":{"_lmt_disableupdate":"","_lmt_disable":"","_jetpack_memberships_contains_paid_content":false,"footnotes":""},"categories":[456,109],"tags":[2489],"class_list":["post-46554","post","type-post","status-publish","format-standard","has-post-thumbnail","hentry","category-columna","category-minuto-a-minuto","tag-gibran-ramirez-reyes"],"jetpack_featured_media_url":"https:\/\/zonaroja.com.mx\/wp-content\/uploads\/2022\/05\/Opinion-Gibran-Ramirez-Reyes.jpg","jetpack_sharing_enabled":true,"_links":{"self":[{"href":"https:\/\/zonaroja.com.mx\/index.php?rest_route=\/wp\/v2\/posts\/46554","targetHints":{"allow":["GET"]}}],"collection":[{"href":"https:\/\/zonaroja.com.mx\/index.php?rest_route=\/wp\/v2\/posts"}],"about":[{"href":"https:\/\/zonaroja.com.mx\/index.php?rest_route=\/wp\/v2\/types\/post"}],"author":[{"embeddable":true,"href":"https:\/\/zonaroja.com.mx\/index.php?rest_route=\/wp\/v2\/users\/2"}],"replies":[{"embeddable":true,"href":"https:\/\/zonaroja.com.mx\/index.php?rest_route=%2Fwp%2Fv2%2Fcomments&post=46554"}],"version-history":[{"count":1,"href":"https:\/\/zonaroja.com.mx\/index.php?rest_route=\/wp\/v2\/posts\/46554\/revisions"}],"predecessor-version":[{"id":46555,"href":"https:\/\/zonaroja.com.mx\/index.php?rest_route=\/wp\/v2\/posts\/46554\/revisions\/46555"}],"wp:featuredmedia":[{"embeddable":true,"href":"https:\/\/zonaroja.com.mx\/index.php?rest_route=\/wp\/v2\/media\/41734"}],"wp:attachment":[{"href":"https:\/\/zonaroja.com.mx\/index.php?rest_route=%2Fwp%2Fv2%2Fmedia&parent=46554"}],"wp:term":[{"taxonomy":"category","embeddable":true,"href":"https:\/\/zonaroja.com.mx\/index.php?rest_route=%2Fwp%2Fv2%2Fcategories&post=46554"},{"taxonomy":"post_tag","embeddable":true,"href":"https:\/\/zonaroja.com.mx\/index.php?rest_route=%2Fwp%2Fv2%2Ftags&post=46554"}],"curies":[{"name":"wp","href":"https:\/\/api.w.org\/{rel}","templated":true}]}}