{"id":46559,"date":"2022-10-05T10:07:00","date_gmt":"2022-10-05T15:07:00","guid":{"rendered":"http:\/\/www.zonaroja.com.mx\/?p=46559"},"modified":"2022-10-05T08:14:40","modified_gmt":"2022-10-05T13:14:40","slug":"fenece-plazo-del-cierre-de-tiradero-de-zaachila-y-municipios-pasmados","status":"publish","type":"post","link":"https:\/\/zonaroja.com.mx\/?p=46559","title":{"rendered":"Fenece plazo del cierre de tiradero de Zaachila y municipios siguen pasmados"},"content":{"rendered":"\n<p>Yuridiana Sosa\/ Zona Roja.<\/p>\n\n\n\n<p>Oaxaca de Ju\u00e1rez, Oax., 4 de octubre de 2022.- La capital oaxaque\u00f1a como municipios de la zona metropolitana o que depend\u00edan del basurero municipal en la Villa de Zaachila enfrentan una crisis sanitaria con el destino final de sus residuos, lo que ha orillado a las poblaciones a exigir atenci\u00f3n hasta con bloqueos.<\/p>\n\n\n\n<p>El cierre definitivo del basurero para Oaxaca de Ju\u00e1rez es el pr\u00f3ximo 8 de octubre, pero desde finales de julio ya enfrenta una cruda realidad en la que sus autoridades municipales no logran ni conseguir un espacio nuevo para verter los desechos ni controlar un tiradero a cielo abierto creado por recolectores particulares a orilla del r\u00edo \u201cAtoyac\u201d.<\/p>\n\n\n\n<p>El problema desentendido por parte del gobierno municipal que encabeza Francisco Mart\u00ednez Neri caus\u00f3 un exhorto por parte de la 64 Legislatura del Congreso del Estado para que la autoridad municipal de Oaxaca de Ju\u00e1rez y la Procuradur\u00eda de Protecci\u00f3n al Ambiente de Oaxaca realicen acciones para acabar con el basurero clandestino formado en la ribera del r\u00edo Ayotac.<\/p>\n\n\n\n<p>Desde ese entonces, a un mes del llamado, no ha habido cambios para acabar con el tiradero, pero s\u00ed cambios en el crecimiento del mismo.<\/p>\n\n\n\n<p>Recientemente, el Consejero Jur\u00eddico del ayuntamiento de Oaxaca, Dagoberto Carre\u00f1o&nbsp;Gopar, inform\u00f3 que el pasado 1 de septiembre la Procuradur\u00eda Federal de Protecci\u00f3n al Ambiente (Profepa) implement\u00f3 una inspecci\u00f3n, pero en el \u00e1rea equivocada, lo cual impidi\u00f3 sanciones o se\u00f1alamientos sobre presuntos responsables por el \u00e1rea afectada.&nbsp;<\/p>\n\n\n\n<p>OTROS DA\u00d1OS&nbsp;<\/p>\n\n\n\n<p>Santa Cruz Xoxocotl\u00e1n es otro de los municipios afectados con el cierre del basurero en Zaachila, y que desde julio dej\u00f3 de tener acceso a ese espacio, habilitando \u00e1reas particulares en zonas habitadas como tiraderos.<\/p>\n\n\n\n<p>Por el impacto ambiental y sanitario se manifestaron en agosto pasado habitantes de diversos residenciales ubicados en la colonia Juquilita de Xoxocotl\u00e1n, donde se ubica el basurero clandestino.&nbsp;<\/p>\n\n\n\n<p>La fuerte contaminaci\u00f3n y foco de infecci\u00f3n es pasada por alto por el gobierno municipal de Inocente Castellanos, contra quien este martes vecinos de la agencia Ex Garita se volvieron a manifestar, pues la suspensi\u00f3n definitiva del servicio hace m\u00e1s de una semana tambi\u00e9n causa problemas de higiene en sus hogares.<\/p>\n\n\n\n<p>TAMBI\u00c9N MONJAS<\/p>\n\n\n\n<p>un problema similar ocurri\u00f3 en el municipio de Mojas, pero los vecinos actuaron de manera contundente para exigir que se inhabilite el tiradero, en el que incluso ya se recib\u00eda basura de otros municipios como Miahuatl\u00e1n de Porfirio D\u00edaz.<\/p>\n\n\n\n<p>Mediante un bloqueo de tres d\u00edas, en la carretera federal 175, tramo Oaxaca \u2013 Puerto \u00c1ngel, a la altura del kil\u00f3metro 95, los habitantes recibieron atenci\u00f3n a su denuncia.&nbsp;<\/p>\n\n\n\n<p>Tras las denuncias, ayer, la Procuradur\u00eda de Protecci\u00f3n al Ambiente del Estado de Oaxaca supervis\u00f3 al menos tres tiraderos a cielo abierto en dicha zona y confirm\u00f3 que no cumple con la Norma Oficial NOM-083 para el manejo de residuos.<\/p>\n\n\n\n<p>En tanto que en Santa Luc\u00eda del Camino, las autoridades municipales han disminuido el n\u00famero de d\u00edas que los camiones recolectores recorren las colonias a fin de evitar un mayor acumulamiento de desechos en su demarcaci\u00f3n.<\/p>\n","protected":false},"excerpt":{"rendered":"<p>Yuridiana Sosa\/ Zona Roja. Oaxaca de Ju\u00e1rez, Oax., 4 de octubre de 2022.- La capital&hellip;<\/p>\n","protected":false},"author":2,"featured_media":46560,"comment_status":"closed","ping_status":"open","sticky":false,"template":"","format":"standard","meta":{"_lmt_disableupdate":"","_lmt_disable":"","_jetpack_memberships_contains_paid_content":false,"footnotes":""},"categories":[109,47],"tags":[133],"class_list":["post-46559","post","type-post","status-publish","format-standard","has-post-thumbnail","hentry","category-minuto-a-minuto","category-zona-gris","tag-santa-cruz-xoxocotlan"],"jetpack_featured_media_url":"https:\/\/zonaroja.com.mx\/wp-content\/uploads\/2022\/10\/tiradero-Xoxocotlan-basura.jpg","jetpack_sharing_enabled":true,"_links":{"self":[{"href":"https:\/\/zonaroja.com.mx\/index.php?rest_route=\/wp\/v2\/posts\/46559","targetHints":{"allow":["GET"]}}],"collection":[{"href":"https:\/\/zonaroja.com.mx\/index.php?rest_route=\/wp\/v2\/posts"}],"about":[{"href":"https:\/\/zonaroja.com.mx\/index.php?rest_route=\/wp\/v2\/types\/post"}],"author":[{"embeddable":true,"href":"https:\/\/zonaroja.com.mx\/index.php?rest_route=\/wp\/v2\/users\/2"}],"replies":[{"embeddable":true,"href":"https:\/\/zonaroja.com.mx\/index.php?rest_route=%2Fwp%2Fv2%2Fcomments&post=46559"}],"version-history":[{"count":2,"href":"https:\/\/zonaroja.com.mx\/index.php?rest_route=\/wp\/v2\/posts\/46559\/revisions"}],"predecessor-version":[{"id":46562,"href":"https:\/\/zonaroja.com.mx\/index.php?rest_route=\/wp\/v2\/posts\/46559\/revisions\/46562"}],"wp:featuredmedia":[{"embeddable":true,"href":"https:\/\/zonaroja.com.mx\/index.php?rest_route=\/wp\/v2\/media\/46560"}],"wp:attachment":[{"href":"https:\/\/zonaroja.com.mx\/index.php?rest_route=%2Fwp%2Fv2%2Fmedia&parent=46559"}],"wp:term":[{"taxonomy":"category","embeddable":true,"href":"https:\/\/zonaroja.com.mx\/index.php?rest_route=%2Fwp%2Fv2%2Fcategories&post=46559"},{"taxonomy":"post_tag","embeddable":true,"href":"https:\/\/zonaroja.com.mx\/index.php?rest_route=%2Fwp%2Fv2%2Ftags&post=46559"}],"curies":[{"name":"wp","href":"https:\/\/api.w.org\/{rel}","templated":true}]}}