{"id":46576,"date":"2022-10-05T15:47:27","date_gmt":"2022-10-05T20:47:27","guid":{"rendered":"http:\/\/www.zonaroja.com.mx\/?p=46576"},"modified":"2022-10-05T15:47:29","modified_gmt":"2022-10-05T20:47:29","slug":"agrede-sujeto-a-mujer-en-la-capital-de-oaxaca-lo-detienen-y-procesan","status":"publish","type":"post","link":"https:\/\/zonaroja.com.mx\/?p=46576","title":{"rendered":"Agrede sujeto a mujer en la capital de Oaxaca; lo detienen y procesan"},"content":{"rendered":"\n<p>Redacci\u00f3n\/Zona Roja.<\/p>\n\n\n\n<p>Oaxaca de Ju\u00e1rez, Oax., a 5 de octubre de 2022.- La Fiscal\u00eda General del Estado de Oaxaca (FGEO) obtuvo auto de vinculaci\u00f3n a proceso contra la persona del sexo masculino identificada como O. A. V. P., probable responsable del delito de violencia familiar en agravio de la mujer identificada como N. G. G. H., cometido en la ciudad de Oaxaca de Ju\u00e1rez, en la regi\u00f3n de Valles Centrales.<\/p>\n\n\n\n<p>De acuerdo con la causa penal 1120\/2022, el 24 de septiembre de 2022, el imputado arrib\u00f3 al negocio de la v\u00edctima (ex pareja), ubicado en la zona de mercaderes de la colonia Cosijoeza de la capital oaxaque\u00f1a, donde probablemente la agredi\u00f3 de manera f\u00edsica, al intentar arrebatarle a su hija menor de edad.<\/p>\n\n\n\n<p>Luego de que el imputado fuera detenido y presentado ante la autoridad ministerial, gracias a los datos de prueba aportados por la Fiscal\u00eda Especializada en Atenci\u00f3n a Delitos contra la Mujer por Raz\u00f3n de G\u00e9nero, el Juez en turno determin\u00f3 vincular a proceso a O. A. V. P., imponiendo medidas cautelares y tres meses para el cierre de investigaci\u00f3n complementaria.<\/p>\n\n\n\n<p>DETIENEN A PRESUNTO HOMICIDA<\/p>\n\n\n\n<p>En otro hecho, la exhaustiva labor para esclarecer delitos de alto impacto de la Fiscal\u00eda General del Estado de Oaxaca (FGEO) dio como resultado la aprehensi\u00f3n de la persona del sexo masculino identificada como J. M. A. G. alias \u00abEl Chinito\u00bb, probable responsable de los delitos de homicidio calificado con ventaja en agravio de E. M. G. P. y de tentativa de homicidio calificado con ventaja en agravio de A. E. R. S. y un adolescente -de identidad reservada por ley-, cometidos en jurisdicci\u00f3n de Santa Cruz Xoxocotl\u00e1n, en la regi\u00f3n de Valles Centrales.<\/p>\n\n\n\n<p>De acuerdo con la causa penal 565\/2022, el 1 de enero de 2022, el imputado probablemente agredi\u00f3 con disparos de arma de fuego a las v\u00edctimas, ocasion\u00e1ndole la muerte a E. M. G. P. e hiriendo de gravedad a A. E. R. S. y al adolescente, cuando se encontraban en inmediaciones de la colonia Las Culturas de Xoxocotl\u00e1n.<\/p>\n\n\n\n<p>Ante este hecho, la Fiscal\u00eda Especializada en Atenci\u00f3n a Delitos de Alto Impacto atrajo el caso e inici\u00f3 los actos de investigaci\u00f3n correspondientes que permitieron que el pasado 4 de octubre del a\u00f1o en curso se cumplimentara orden de aprehensi\u00f3n contra el probable agresor, en inmediaciones del municipio de San Jacinto Amilpas y puesto a disposici\u00f3n del Ministerio P\u00fablico que lo requiri\u00f3.<\/p>\n\n\n\n<p>Respecto a la situaci\u00f3n jur\u00eddica del imputado, su defensa se acogi\u00f3 a la duplicidad del t\u00e9rmino constitucional, mismo que fenece el pr\u00f3ximo 10 de octubre, quedando en tanto en prisi\u00f3n preventiva de manera provisional.<\/p>\n\n\n\n<p>La Fiscal\u00eda General presenta ante la justicia y hace valer la Ley contra responsables de delitos que atentan contra la paz e integridad de la ciudadan\u00eda.<\/p>\n","protected":false},"excerpt":{"rendered":"<p>Redacci\u00f3n\/Zona Roja. Oaxaca de Ju\u00e1rez, Oax., a 5 de octubre de 2022.- La Fiscal\u00eda General&hellip;<\/p>\n","protected":false},"author":2,"featured_media":40844,"comment_status":"closed","ping_status":"open","sticky":false,"template":"","format":"standard","meta":{"_lmt_disableupdate":"","_lmt_disable":"","_jetpack_memberships_contains_paid_content":false,"footnotes":""},"categories":[109,46],"tags":[494],"class_list":["post-46576","post","type-post","status-publish","format-standard","has-post-thumbnail","hentry","category-minuto-a-minuto","category-zona-blanca","tag-fiscalia-general-del-estado-de-oaxaca"],"jetpack_featured_media_url":"https:\/\/zonaroja.com.mx\/wp-content\/uploads\/2022\/05\/Violencia-mujeres-domestica-3.jpeg","jetpack_sharing_enabled":true,"_links":{"self":[{"href":"https:\/\/zonaroja.com.mx\/index.php?rest_route=\/wp\/v2\/posts\/46576","targetHints":{"allow":["GET"]}}],"collection":[{"href":"https:\/\/zonaroja.com.mx\/index.php?rest_route=\/wp\/v2\/posts"}],"about":[{"href":"https:\/\/zonaroja.com.mx\/index.php?rest_route=\/wp\/v2\/types\/post"}],"author":[{"embeddable":true,"href":"https:\/\/zonaroja.com.mx\/index.php?rest_route=\/wp\/v2\/users\/2"}],"replies":[{"embeddable":true,"href":"https:\/\/zonaroja.com.mx\/index.php?rest_route=%2Fwp%2Fv2%2Fcomments&post=46576"}],"version-history":[{"count":1,"href":"https:\/\/zonaroja.com.mx\/index.php?rest_route=\/wp\/v2\/posts\/46576\/revisions"}],"predecessor-version":[{"id":46577,"href":"https:\/\/zonaroja.com.mx\/index.php?rest_route=\/wp\/v2\/posts\/46576\/revisions\/46577"}],"wp:featuredmedia":[{"embeddable":true,"href":"https:\/\/zonaroja.com.mx\/index.php?rest_route=\/wp\/v2\/media\/40844"}],"wp:attachment":[{"href":"https:\/\/zonaroja.com.mx\/index.php?rest_route=%2Fwp%2Fv2%2Fmedia&parent=46576"}],"wp:term":[{"taxonomy":"category","embeddable":true,"href":"https:\/\/zonaroja.com.mx\/index.php?rest_route=%2Fwp%2Fv2%2Fcategories&post=46576"},{"taxonomy":"post_tag","embeddable":true,"href":"https:\/\/zonaroja.com.mx\/index.php?rest_route=%2Fwp%2Fv2%2Ftags&post=46576"}],"curies":[{"name":"wp","href":"https:\/\/api.w.org\/{rel}","templated":true}]}}