{"id":46578,"date":"2022-10-05T15:59:23","date_gmt":"2022-10-05T20:59:23","guid":{"rendered":"http:\/\/www.zonaroja.com.mx\/?p=46578"},"modified":"2022-10-05T15:59:24","modified_gmt":"2022-10-05T20:59:24","slug":"inician-murat-y-jara-proceso-formal-de-entrega-recepcion-de-gobierno","status":"publish","type":"post","link":"https:\/\/zonaroja.com.mx\/?p=46578","title":{"rendered":"Inician Murat y Jara proceso formal de entrega-recepci\u00f3n de gobierno"},"content":{"rendered":"\n<p>Redacci\u00f3n\/Zona Roja.&nbsp;<\/p>\n\n\n\n<p>Oaxaca de Ju\u00e1rez, Oax., a 5 de octubre de 2022. El gobernador Alejandro Murat Hinojosa y el gobernador electo, Salom\u00f3n Jara Cruz, encabezaron la instalaci\u00f3n e inicio formal de los trabajos de las Comisiones de Entrega-Recepci\u00f3n final de la Administraci\u00f3n P\u00fablica Estatal.&nbsp;<\/p>\n\n\n\n<p>Cabe destacar que es la primera vez en la historia reciente de Oaxaca que este proceso es iniciado de manera formal con la presencia de los mandatarios constitucional y electo, lo que indica el m\u00e1s alto nivel de compromiso para lograr una transici\u00f3n ordenada y transparente.&nbsp;&nbsp;<\/p>\n\n\n\n<p>Luego de un encuentro privado en el Sal\u00f3n Jarrones del Palacio de Gobierno, donde el gobernador Alejandro Murat tom\u00f3 la protesta de ley a quienes integran las Comisiones de Entrega y de Recepci\u00f3n de la Administraci\u00f3n P\u00fablica Estatal, ambos mandatarios bajaron al Patio Principal de este recinto donde ante los medios de comunicaci\u00f3n dieron a conocer los pormenores de esta reuni\u00f3n.<\/p>\n\n\n\n<p>De esta manera, y en un ambiente de cordialidad institucional, el gobernador Alejandro Murat Hinojosa destac\u00f3 que este proceso ser\u00e1 abierto, transparente y profesional, y su administraci\u00f3n heredar\u00e1 al siguiente gobierno finanzas sanas.&nbsp;<\/p>\n\n\n\n<p>\u201cGobernador electo, quiero reiterarte ante el pueblo de Oaxaca la apertura, disposici\u00f3n, voluntad y transparencia de mi gobierno para que los trabajos que se lleven a cabo permitan alcanzar el objetivo que s\u00e9 que tenemos ambas partes: primero Oaxaca, segundo Oaxaca y tercero Oaxaca. Tomando la ruta de la transparencia y rendici\u00f3n de cuentas que esperas t\u00fa, tu equipo y especialmente el pueblo de Oaxaca\u201d, refiri\u00f3.&nbsp;<\/p>\n\n\n\n<p>A\u00f1adi\u00f3 que hoy, Oaxaca sienta un precedente \u00fanico en procesos de transici\u00f3n gubernamental, toda vez que se prioriza el bienestar de las familias oaxaque\u00f1as. \u201cEn Oaxaca estamos dando un ejemplo de que la obligaci\u00f3n del gobernante no es pensar en las pr\u00f3ximas elecciones, sino en las pr\u00f3ximas generaciones. Las instrucciones han sido precisas y enf\u00e1ticas: total apertura, disposici\u00f3n y voluntad para que Oaxaca contin\u00fae su ruta de crecimiento y prosperidad\u201d.&nbsp;<\/p>\n\n\n\n<p>En su oportunidad, el gobernador electo Salom\u00f3n Jara Cruz, reconoci\u00f3 la disposici\u00f3n del gobernador constitucional Alejandro Murat Hinojosa para iniciar el proceso de Entrega-Recepci\u00f3n que, dijo, es el primer paso para cumplir ante el Pueblo de Oaxaca con la encomienda de construir un gobierno honesto, austero y transparente; por lo que destac\u00f3 se llevar\u00e1 a cabo de manera cuidadosa, transparente.\u00a0<\/p>\n\n\n\n<figure class=\"wp-block-embed is-type-rich is-provider-twitter wp-block-embed-twitter\"><div class=\"wp-block-embed__wrapper\">\n<div class=\"twitter-tweet\"><blockquote class=\"twitter-tweet\" data-lang=\"es\"><p lang=\"es\" dir=\"ltr\"><a href=\"https:\/\/twitter.com\/hashtag\/%C3%9AltimoMinuto?src=hash&amp;ref_src=twsrc%5Etfw\">#\u00daltimoMinuto<\/a> <br>As\u00ed inici\u00f3 de manera formal el proceso de entrega-recepci\u00f3n de la administraci\u00f3n estatal de Oaxaca, en un acto encabezado por los mandatarios actual, <a href=\"https:\/\/twitter.com\/alejandromurat?ref_src=twsrc%5Etfw\">@alejandromurat<\/a>, y electo <a href=\"https:\/\/twitter.com\/salomonj?ref_src=twsrc%5Etfw\">@salomonj<\/a>, en un acto en el Palacio de Gobierno. <a href=\"https:\/\/t.co\/n61NkWo82K\">pic.twitter.com\/n61NkWo82K<\/a><\/p>&mdash; Zona Roja Oaxaca (@ZonaRoja_Oaxaca) <a href=\"https:\/\/twitter.com\/ZonaRoja_Oaxaca\/status\/1577686603471937539?ref_src=twsrc%5Etfw\">5 de octubre de 2022<\/a><\/blockquote><\/div>\n<\/div><\/figure>\n\n\n\n<p>\u201cVamos a cuidar el patrimonio y los recursos del Pueblo de Oaxaca. Hoy damos un paso m\u00e1s para iniciar con el camino de la transformaci\u00f3n de Oaxaca y hacer realidad el sue\u00f1o de millones de oaxaque\u00f1as y oaxaque\u00f1os que anhelan vivir en un estado de oportunidades, bienestar y desarrollo\u201d, se\u00f1al\u00f3.<\/p>\n\n\n\n<p>LOS REPRESENTANTES<\/p>\n\n\n\n<p>En el acto y ante los medios de comunicaci\u00f3n, se inform\u00f3 que este proceso inicia a partir de este 5 de octubre y culminar\u00e1 el 23 de noviembre.&nbsp;<\/p>\n\n\n\n<p>En este periodo se desarrollar\u00e1n 26 mesas de trabajo de las dependencias, entidades y organismos estatales con la Comisi\u00f3n de Recepci\u00f3n.&nbsp;<\/p>\n\n\n\n<p>Asimismo, se inform\u00f3 que la Comisi\u00f3n de Entrega estar\u00e1 conformada por el secretario de Finanzas, Jorge Antonio Hidalgo Tirado; el consejero Jur\u00eddico del Gobierno del Estado, Jos\u00e9 Antonio Tinajero Zenil; el secretario general de Gobierno, Francisco Javier Garc\u00eda L\u00f3pez; la secretaria de Administraci\u00f3n, Mariana Nassar Pi\u00f1eyro; y el secretario de la Contralor\u00eda y Transparencia Gubernamental y coordinador de esta comisi\u00f3n, Jos\u00e9 \u00c1ngel D\u00edaz Navarro.&nbsp;<\/p>\n\n\n\n<p>Mientras que la coordinaci\u00f3n de la Comisi\u00f3n de Recepci\u00f3n estar\u00e1 a cargo de Jos\u00e9 Antonio Rueda M\u00e1rquez, quien forma parte del equipo de transici\u00f3n del gobernador electo, Salom\u00f3n Jara Cruz.&nbsp;<\/p>\n\n\n\n<p>Tambi\u00e9n asistieron a este encuentro el secretario Privado del titular del Poder Ejecutivo, Alejandro Nassar Pi\u00f1eyro; mientras que por parte del Gobernador electo, Mois\u00e9s Shabin Jara, Farid Acevedo, Jes\u00fas Romero, Antonio Morales, Geovanni V\u00e1squez, Ra\u00fal Ruiz, Delfina Guzm\u00e1n, Saymi Pineda, Juana Cruz, Eliza Zepeda y Laura Estrada Mauro.<\/p>\n","protected":false},"excerpt":{"rendered":"<p>Redacci\u00f3n\/Zona Roja.&nbsp; Oaxaca de Ju\u00e1rez, Oax., a 5 de octubre de 2022. El gobernador Alejandro&hellip;<\/p>\n","protected":false},"author":2,"featured_media":46572,"comment_status":"closed","ping_status":"open","sticky":false,"template":"","format":"standard","meta":{"_lmt_disableupdate":"","_lmt_disable":"","_jetpack_memberships_contains_paid_content":false,"footnotes":""},"categories":[109,46],"tags":[173,939],"class_list":["post-46578","post","type-post","status-publish","format-standard","has-post-thumbnail","hentry","category-minuto-a-minuto","category-zona-blanca","tag-alejandro-murat-hinojosa","tag-salomon-jara-cruz"],"jetpack_featured_media_url":"https:\/\/zonaroja.com.mx\/wp-content\/uploads\/2022\/10\/Proceso-trancision-gobierno-de-Oaxaca-Jara-Murat.jpg","jetpack_sharing_enabled":true,"_links":{"self":[{"href":"https:\/\/zonaroja.com.mx\/index.php?rest_route=\/wp\/v2\/posts\/46578","targetHints":{"allow":["GET"]}}],"collection":[{"href":"https:\/\/zonaroja.com.mx\/index.php?rest_route=\/wp\/v2\/posts"}],"about":[{"href":"https:\/\/zonaroja.com.mx\/index.php?rest_route=\/wp\/v2\/types\/post"}],"author":[{"embeddable":true,"href":"https:\/\/zonaroja.com.mx\/index.php?rest_route=\/wp\/v2\/users\/2"}],"replies":[{"embeddable":true,"href":"https:\/\/zonaroja.com.mx\/index.php?rest_route=%2Fwp%2Fv2%2Fcomments&post=46578"}],"version-history":[{"count":1,"href":"https:\/\/zonaroja.com.mx\/index.php?rest_route=\/wp\/v2\/posts\/46578\/revisions"}],"predecessor-version":[{"id":46580,"href":"https:\/\/zonaroja.com.mx\/index.php?rest_route=\/wp\/v2\/posts\/46578\/revisions\/46580"}],"wp:featuredmedia":[{"embeddable":true,"href":"https:\/\/zonaroja.com.mx\/index.php?rest_route=\/wp\/v2\/media\/46572"}],"wp:attachment":[{"href":"https:\/\/zonaroja.com.mx\/index.php?rest_route=%2Fwp%2Fv2%2Fmedia&parent=46578"}],"wp:term":[{"taxonomy":"category","embeddable":true,"href":"https:\/\/zonaroja.com.mx\/index.php?rest_route=%2Fwp%2Fv2%2Fcategories&post=46578"},{"taxonomy":"post_tag","embeddable":true,"href":"https:\/\/zonaroja.com.mx\/index.php?rest_route=%2Fwp%2Fv2%2Ftags&post=46578"}],"curies":[{"name":"wp","href":"https:\/\/api.w.org\/{rel}","templated":true}]}}