{"id":46586,"date":"2022-10-05T19:57:08","date_gmt":"2022-10-06T00:57:08","guid":{"rendered":"http:\/\/www.zonaroja.com.mx\/?p=46586"},"modified":"2022-10-05T19:57:10","modified_gmt":"2022-10-06T00:57:10","slug":"por-fin-escucha-titular-de-segego-a-santiago-progreso-pero-no-resuelve","status":"publish","type":"post","link":"https:\/\/zonaroja.com.mx\/?p=46586","title":{"rendered":"Por fin escucha titular de Segego a Santiago Progreso\u2026 pero no resuelve"},"content":{"rendered":"\n<p>Yuridiana Sosa\/Zona Roja.<\/p>\n\n\n\n<p>Oaxaca de Ju\u00e1rez, Oax., a 5 de octubre de 2022.- La transici\u00f3n del gobierno en Oaxaca empez\u00f3 hoy desde la banqueta, afuera de Palacio de Gobierno.<\/p>\n\n\n\n<p>La muestra de los m\u00faltiples problemas por heredar estaba ah\u00ed, tangente, viva, palpable, minutos antes del aviso oficial de la instalaci\u00f3n de la mesa de entrega- recepci\u00f3n, encabezada por el gobernador actual, Alejandro Murat y el electo, Salom\u00f3n Jara Cruz.<\/p>\n\n\n\n<p>Manifestantes que exigen desde hace 33 d\u00edas la libertad de familiares retenidos en la regi\u00f3n Cuenca, hasta con huelga de hambre, evidenciaron la tersa transici\u00f3n de las admiraciones del PRI a Morena, envuelta en la simulaci\u00f3n de atenci\u00f3n y la promesa de ayuda, pero hasta su llegada, aunque eso implique la privaci\u00f3n ilegal de la libertad por casi dos meses m\u00e1s.<\/p>\n\n\n\n<p>PROMETE 4T APOYOS<\/p>\n\n\n\n<p>Como nunca, el secretario General de Gobierno, Francisco Garc\u00eda L\u00f3pez, sali\u00f3 de Palacio de Gobierno, por la puerta lateral de la calle de Bustamante, donde se encontraban los manifestantes para atenderlos.<\/p>\n\n\n\n<p>Van 33 d\u00edas del problema, 15 mesas de di\u00e1logo, tres reuniones en San Pedro Ozumac\u00edn de Ayotzintepec, la comunidad donde se registra la retenci\u00f3n, y no hay soluci\u00f3n.<\/p>\n\n\n\n<p>\u201cLa Segego no ha fallado. El problema es interno, la Segego no ha fallado\u201d, dice con malestar disimulado el secretario frente a la prensa.<\/p>\n\n\n\n<p>Encara a los familiares y habitantes de Santiago Progreso, Valle Nacional, con quienes intercambi\u00f3 puntos de una minuta de acuerdos que no se han cumplido por ninguna parte.<\/p>\n\n\n\n<p>Pero sostiene que la soluci\u00f3n no est\u00e1 en manos de la dependencia que dirige, sino entre los habitantes de ambas poblaciones.<\/p>\n\n\n\n<figure class=\"wp-block-embed is-type-rich is-provider-twitter wp-block-embed-twitter\"><div class=\"wp-block-embed__wrapper\">\n<div class=\"twitter-tweet\"><blockquote class=\"twitter-tweet\" data-lang=\"es\"><p lang=\"es\" dir=\"ltr\"><a href=\"https:\/\/twitter.com\/hashtag\/%C3%9AltimoMinuto?src=hash&amp;ref_src=twsrc%5Etfw\">#\u00daltimoMinuto<\/a> <br>A unos minutos de la reuni\u00f3n entre los gobernadores <a href=\"https:\/\/twitter.com\/alejandromurat?ref_src=twsrc%5Etfw\">@alejandromurat<\/a> y <a href=\"https:\/\/twitter.com\/salomonj?ref_src=twsrc%5Etfw\">@salomonj<\/a>, protestan en el Palacio de Gobierno pobladores de Santiago Progreso, a 33 d\u00edas de retenci\u00f3n de 10 personas. <br>Gobernador electo promete atenderlos; <a href=\"https:\/\/twitter.com\/SEGEGO_GobOax?ref_src=twsrc%5Etfw\">@SEGEGO_GobOax<\/a> dice qu\u00e9 hay atenci\u00f3n. <a href=\"https:\/\/t.co\/HJQIVseR2Q\">pic.twitter.com\/HJQIVseR2Q<\/a><\/p>&mdash; Zona Roja Oaxaca (@ZonaRoja_Oaxaca) <a href=\"https:\/\/twitter.com\/ZonaRoja_Oaxaca\/status\/1577664156488146946?ref_src=twsrc%5Etfw\">5 de octubre de 2022<\/a><\/blockquote><\/div>\n<\/div><\/figure>\n\n\n\n<p>LLEGA JARA<\/p>\n\n\n\n<p>Minutos despu\u00e9s, el gobernador electo, Salom\u00f3n Jara Cruz, lleg\u00f3 acompa\u00f1ado de una numerosa comitiva.<\/p>\n\n\n\n<p>El morenista arrib\u00f3 prometiendo atenci\u00f3n, pero cuando tome el poder, por ahora no puede hacer, solo saludar de mano uno a uno y desearles suerte con una se\u00f1a de pulgar arriba.<\/p>\n\n\n\n<p>Los manifestantes detr\u00e1s de una lona que sosten\u00edan dieron la mano a Jara Cruz; como si estuvieran en valla recibi\u00e9ndolo.<\/p>\n\n\n\n<p>Enseguida, salt\u00f3 Garc\u00eda L\u00f3pez y le inform\u00f3 a Jara que a los manifestantes ya los est\u00e1n atendiendo.<\/p>\n\n\n\n<p>\u2014De todas maneras, cuando yo entre, yo los voy a ayudar\u201d \u2014dijo gustoso el mandatario electo mientras toma del hombro a un ciudadano, como en se\u00f1al de empat\u00eda.<\/p>\n\n\n\n<p>\u2014Pero queremos ahorita, ya van 33 d\u00edas \u2014se escuch\u00f3 el reclamo de una mujer.<\/p>\n\n\n\n<p>\u2014Nada m\u00e1s que los atienda el gobierno actual, s\u00ed es importante que los atiendan -responde Jara Cruz y se da la media vuelta para dirigirse al acceso principal al Palacio, frente al z\u00f3calo.<\/p>\n\n\n\n<p>Pero apenas redireccion\u00f3 su camino, otra queja lleg\u00f3. Ahora del empresario restaurantero Isaac Cruz, a quien los Servicios de Salud de Oaxaca debe cuatro millones de pesos por proveedur\u00eda de alimentos.<\/p>\n\n\n\n<p>\u201cYo no s\u00e9 nada. No puedo decirte nada, apenas voy llegando\u201d, responde Jara Cruz al empresario local sin detener el paso y sin mirarlo, solo escuchando.<\/p>\n\n\n\n<p>Sobre el panorama que ve y que recibir\u00e1 de Murat Hinojosa, Jara Cruz no quiso hablar antes del inicio formal de la mesa de transici\u00f3n.&nbsp;<\/p>\n\n\n\n<p>Se limita en expresar sus deseos de \u201cque se entreguen bien las cosas\u201d, \u201cluego le aviso\u201d, manifest\u00f3 ante la prensa.&nbsp;<\/p>\n\n\n\n<p>Y mientras tanto, los manifestantes de Santiago Progreso se quedaron como siempre, escuchados pero sin soluci\u00f3n.<\/p>\n","protected":false},"excerpt":{"rendered":"<p>Yuridiana Sosa\/Zona Roja. Oaxaca de Ju\u00e1rez, Oax., a 5 de octubre de 2022.- La transici\u00f3n&hellip;<\/p>\n","protected":false},"author":2,"featured_media":46571,"comment_status":"closed","ping_status":"open","sticky":false,"template":"","format":"standard","meta":{"_lmt_disableupdate":"","_lmt_disable":"","_jetpack_memberships_contains_paid_content":false,"footnotes":""},"categories":[109,47],"tags":[939],"class_list":["post-46586","post","type-post","status-publish","format-standard","has-post-thumbnail","hentry","category-minuto-a-minuto","category-zona-gris","tag-salomon-jara-cruz"],"jetpack_featured_media_url":"https:\/\/zonaroja.com.mx\/wp-content\/uploads\/2022\/10\/Salomon-Jara-y-protesta-Santiago-Progreso.jpg","jetpack_sharing_enabled":true,"_links":{"self":[{"href":"https:\/\/zonaroja.com.mx\/index.php?rest_route=\/wp\/v2\/posts\/46586","targetHints":{"allow":["GET"]}}],"collection":[{"href":"https:\/\/zonaroja.com.mx\/index.php?rest_route=\/wp\/v2\/posts"}],"about":[{"href":"https:\/\/zonaroja.com.mx\/index.php?rest_route=\/wp\/v2\/types\/post"}],"author":[{"embeddable":true,"href":"https:\/\/zonaroja.com.mx\/index.php?rest_route=\/wp\/v2\/users\/2"}],"replies":[{"embeddable":true,"href":"https:\/\/zonaroja.com.mx\/index.php?rest_route=%2Fwp%2Fv2%2Fcomments&post=46586"}],"version-history":[{"count":1,"href":"https:\/\/zonaroja.com.mx\/index.php?rest_route=\/wp\/v2\/posts\/46586\/revisions"}],"predecessor-version":[{"id":46587,"href":"https:\/\/zonaroja.com.mx\/index.php?rest_route=\/wp\/v2\/posts\/46586\/revisions\/46587"}],"wp:featuredmedia":[{"embeddable":true,"href":"https:\/\/zonaroja.com.mx\/index.php?rest_route=\/wp\/v2\/media\/46571"}],"wp:attachment":[{"href":"https:\/\/zonaroja.com.mx\/index.php?rest_route=%2Fwp%2Fv2%2Fmedia&parent=46586"}],"wp:term":[{"taxonomy":"category","embeddable":true,"href":"https:\/\/zonaroja.com.mx\/index.php?rest_route=%2Fwp%2Fv2%2Fcategories&post=46586"},{"taxonomy":"post_tag","embeddable":true,"href":"https:\/\/zonaroja.com.mx\/index.php?rest_route=%2Fwp%2Fv2%2Ftags&post=46586"}],"curies":[{"name":"wp","href":"https:\/\/api.w.org\/{rel}","templated":true}]}}