{"id":46588,"date":"2022-10-05T20:10:32","date_gmt":"2022-10-06T01:10:32","guid":{"rendered":"http:\/\/www.zonaroja.com.mx\/?p=46588"},"modified":"2022-10-05T20:10:34","modified_gmt":"2022-10-06T01:10:34","slug":"destacan-activistas-y-defensores-acuerdo-de-paz-entre-nopalera-y-zimatlan","status":"publish","type":"post","link":"https:\/\/zonaroja.com.mx\/?p=46588","title":{"rendered":"Destacan activistas y defensores acuerdo de paz entre Nopalera y Zimatl\u00e1n"},"content":{"rendered":"\n<p>Redacci\u00f3n\/Zona Roja.<\/p>\n\n\n\n<p>Oaxaca de Ju\u00e1rez, Oax., a 5 de octubre de 2022.- Tras varios a\u00f1os de conflicto, las comunidades oaxaque\u00f1as de San Sebasti\u00e1n Nopalera y Zimatl\u00e1n de L\u00e1zaro C\u00e1rdenas, lograron poner fin a los conflictos territoriales que manten\u00edan, a trav\u00e9s de la firma del Acuerdo de Paz que se realiz\u00f3 la ma\u00f1ana de este mi\u00e9rcoles ante autoridades federales y estatales.<\/p>\n\n\n\n<p>Dicho acuerdo abre el camino para una soluci\u00f3n definitiva al conflicto de tierras que ambos pueblos sostienen y que ha dejado como saldo mas de 30 muertos una decena de desaparecidos as\u00ed como viudas y hu\u00e9rfanos.&nbsp;<\/p>\n\n\n\n<p>Al respecto y frente a la presencia de Alejandro Encinas Rodr\u00edguez, subsecretario de Derechos Humanos de la Secretaria de Gobernaci\u00f3n; Alejandro Murat Hinojosa, gobernador de Oaxaca y Fernanda Dos Anjos, coordinadora de la secci\u00f3n de medidas cautelares de la Comisi\u00f3n Interamericana de los Derechos Humanos, el activista, defensor de derechos humanos y representante de San Sebasti\u00e1n Nopalera, Efra\u00edn Solano Alinarez, agradeci\u00f3 la muestra de madurez pol\u00edtica y civilidad de las autoridades y habitantes de ambas comunidades.<\/p>\n\n\n\n<p>Destac\u00f3 los 12 a\u00f1os de lucha y dolor que antecedieron a este momento hist\u00f3rico y el anhelo de los pueblos de la sierra Mixteca a los que com\u00fanmente les alcanza el olvido por lograr acuerdos, que como este, garantizan una vida comunitaria pac\u00edfica y digna.<\/p>\n\n\n\n<p>Solano Alinarez celebr\u00f3 que en ese af\u00e1n, otros pueblos vecinos como San Antonio Jicaltepec y Santiago Nuyo\u00f3, hayan logrado, a trav\u00e9s del di\u00e1logo y respeto a su palabra, resolver sus problemas de linderos y, priorizar la paz.&nbsp;<\/p>\n\n\n\n<p>En ese contexto, mostr\u00f3 su desacuerdo en el papel que ha jugado la Comisi\u00f3n Interamericana de Derechos Humanos en el caso de las comunidades de Nopalera y Zimatl\u00e1n, que dict\u00f3 medidas cautelares a solo una de las partes lo que permiti\u00f3 la entrada del Ej\u00e9rcito, la Polic\u00eda Federal, la Polic\u00eda Estatal y los Ministerios P\u00fablicos que ultrajaron, torturaron, saquearon y encarcelaron a habitantes de la primera de ellas.<\/p>\n\n\n\n<p>El representante del pueblo de San Sebasti\u00e1n Nopaleta afirm\u00f3 que ser pobre, ser ind\u00edgena y ser escuchado es dif\u00edcil, por eso aprovech\u00f3 el momento para hacer una relator\u00eda de la historia de San Sebasti\u00e1n Nopalera, donde la palabra se honra.<\/p>\n\n\n\n<p>Expuso que con di\u00e1logo han resueltos sus diferencias agrarias, como sucedi\u00f3 a principios del 2000, con San Antonio Jicaltepec.&nbsp;<\/p>\n\n\n\n<p>Despu\u00e9s, y tras d\u00e9cadas de encono con Santiago Nuyo\u00f3 y con Santa Mar\u00eda Ocotl\u00e1n, la palabra, subray\u00f3, fue el instrumento para dirimir las diferencias sobre las tierras comunales.&nbsp;<\/p>\n\n\n\n<p>\u201cLos abuelos dijeron; construyamos paz, que callen los fusiles y entonces fue que cedimos tierras a los tres pueblos.&nbsp;<\/p>\n\n\n\n<p>\u201cHoy, con ellos ondea la bandera de la hermandad, la armon\u00eda y la paz. Ya resuelto, los gobiernos llegaron a dar fe, firmaron minutas y ya no los volvimos a ver\u201d, indic\u00f3.&nbsp;<\/p>\n\n\n\n<p>Empero, a\u00f1adi\u00f3, cuando todo parec\u00eda que iba bien se escucharon otras voces que tambi\u00e9n clamaban tierra y otra vez sonaron los tambores de guerra, hubo sangre, muerte y dolor entre hermanos.<\/p>\n\n\n\n<p>Reproch\u00f3 el actuar que en su momento tuvieron las autoridades estatales y federales, por las acciones represivas que vivi\u00f3 San Sebasti\u00e1n Nopalera por parte de las fuerzas militares y policiales que intervinieron en nombre de las medidas cautelares dictadas por un organismo internacional llamado Comisi\u00f3n Interamericana en los tiempos del presidente Felipe Calder\u00f3n.<\/p>\n\n\n\n<p>Ahora y a diferencia de aquellos tiempos, Efra\u00edn Solano reconoci\u00f3 la sensibilidad del gobierno que encabeza Andr\u00e9s Manuel L\u00f3pez Obrador para atender el tema.<\/p>\n\n\n\n<p>\u201cSomos parte de esos muchos M\u00e9xico escondidos que duelen, donde siempre encontraran respeto y tambi\u00e9n dignidad. Desde abajo, con todos y todo el tiempo hemos luchado por la paz; y la paz ser\u00e1 nuestra casa y camino\u201d, concluy\u00f3.<\/p>\n","protected":false},"excerpt":{"rendered":"<p>Redacci\u00f3n\/Zona Roja. Oaxaca de Ju\u00e1rez, Oax., a 5 de octubre de 2022.- Tras varios a\u00f1os&hellip;<\/p>\n","protected":false},"author":2,"featured_media":46589,"comment_status":"closed","ping_status":"open","sticky":false,"template":"","format":"standard","meta":{"_lmt_disableupdate":"","_lmt_disable":"","_jetpack_memberships_contains_paid_content":false,"footnotes":""},"categories":[109,46],"tags":[2897],"class_list":["post-46588","post","type-post","status-publish","format-standard","has-post-thumbnail","hentry","category-minuto-a-minuto","category-zona-blanca","tag-san-sebastian-nopalera"],"jetpack_featured_media_url":"https:\/\/zonaroja.com.mx\/wp-content\/uploads\/2022\/10\/Efrain-Solano-y-Maurilio-Cedhapi.jpg","jetpack_sharing_enabled":true,"_links":{"self":[{"href":"https:\/\/zonaroja.com.mx\/index.php?rest_route=\/wp\/v2\/posts\/46588","targetHints":{"allow":["GET"]}}],"collection":[{"href":"https:\/\/zonaroja.com.mx\/index.php?rest_route=\/wp\/v2\/posts"}],"about":[{"href":"https:\/\/zonaroja.com.mx\/index.php?rest_route=\/wp\/v2\/types\/post"}],"author":[{"embeddable":true,"href":"https:\/\/zonaroja.com.mx\/index.php?rest_route=\/wp\/v2\/users\/2"}],"replies":[{"embeddable":true,"href":"https:\/\/zonaroja.com.mx\/index.php?rest_route=%2Fwp%2Fv2%2Fcomments&post=46588"}],"version-history":[{"count":1,"href":"https:\/\/zonaroja.com.mx\/index.php?rest_route=\/wp\/v2\/posts\/46588\/revisions"}],"predecessor-version":[{"id":46590,"href":"https:\/\/zonaroja.com.mx\/index.php?rest_route=\/wp\/v2\/posts\/46588\/revisions\/46590"}],"wp:featuredmedia":[{"embeddable":true,"href":"https:\/\/zonaroja.com.mx\/index.php?rest_route=\/wp\/v2\/media\/46589"}],"wp:attachment":[{"href":"https:\/\/zonaroja.com.mx\/index.php?rest_route=%2Fwp%2Fv2%2Fmedia&parent=46588"}],"wp:term":[{"taxonomy":"category","embeddable":true,"href":"https:\/\/zonaroja.com.mx\/index.php?rest_route=%2Fwp%2Fv2%2Fcategories&post=46588"},{"taxonomy":"post_tag","embeddable":true,"href":"https:\/\/zonaroja.com.mx\/index.php?rest_route=%2Fwp%2Fv2%2Ftags&post=46588"}],"curies":[{"name":"wp","href":"https:\/\/api.w.org\/{rel}","templated":true}]}}