{"id":46591,"date":"2022-10-05T21:43:09","date_gmt":"2022-10-06T02:43:09","guid":{"rendered":"http:\/\/www.zonaroja.com.mx\/?p=46591"},"modified":"2022-10-05T21:43:10","modified_gmt":"2022-10-06T02:43:10","slug":"y-la-segego-retienen-a-docentes-en-guila-y-no-cesan-protestas","status":"publish","type":"post","link":"https:\/\/zonaroja.com.mx\/?p=46591","title":{"rendered":"\u00bfY la Segego? Retienen a docentes en G\u00fcil\u00e1 y no cesan protestas"},"content":{"rendered":"\n<p>Redacci\u00f3n\/Zona Roja.<\/p>\n\n\n\n<p>Oaxaca de Ju\u00e1rez, Oax., a 5 de octubre de 2022.- Al menos cuatro protestas y bloqueos se registraron este mi\u00e9rcoles en Oaxaca, adem\u00e1s de la retenci\u00f3n de docentes en una comunidad ind\u00edgena.<\/p>\n\n\n\n<p>Esta noche, autoridades estatales confirmaron que en San Pablo G\u00fcil\u00e1, agencia de Santiago Matatl\u00e1n, fueron retenidos un n\u00famero indeterminado de profesores de la Secci\u00f3n 22 del SNTE, que prestan sus servicios en la Escuela Secundaria T\u00e9cnica 160.<\/p>\n\n\n\n<p>Hasta el momento se desconoce el motivo de la privaci\u00f3n ilegal de la libertad y funcionarios del ramo educativo y de gobierno se encuentran a\u00fan en la zona.<\/p>\n\n\n\n<p>En San Dionisio del Mar, pobladores y docentes del preescolar \u201cLeona Vicario\u201d de la comunidad de Huam\u00fachil, mantienen por segundo d\u00eda el bloqueo a la entrada de esa poblaci\u00f3n de la regi\u00f3n del Istmo.<\/p>\n\n\n\n<p>Lo anterior, con la finalidad de exigir a la alcaldesa la conclusi\u00f3n de un aula en el referido plantel, sin que la presidenta d\u00e9 respuesta a ello.<\/p>\n\n\n\n<p>Mientras tanto, en la regi\u00f3n Mixteca, pobladores de Santa Catarina Zapoquila y de Mixquixtlahuaca, bloquearon la carretera federal en inmediaciones del municipio de Santiago Chazumba.<\/p>\n\n\n\n<p>Lo anterior para exigir al gobierno federal la conclusi\u00f3n del camino artesanal a la cabecera municipal, obra retrasada por falta de recursos financieros, seg\u00fan denunciaron.<\/p>\n\n\n\n<p>Ejidatarios de Estaci\u00f3n Mogo\u00f1\u00e9 contin\u00faan con su bloqueo a las obras del Corredor Interoce\u00e1nico, en jurisdicci\u00f3n de San Juan Guichicovi, para exigir al gobierno federal la indemnizaci\u00f3n adecuada por la ocupaci\u00f3n de sus tierras &nbsp;<\/p>\n\n\n\n<p>En la ciudad de Oaxaca, contin\u00faa la huelga de hambre de cuatro mujeres originarias de Santiago Progreso, para exigir la liberaci\u00f3n de 10 personas retenidas por San Pedro Ozumac\u00edn desde hace 33 d\u00edas.<\/p>\n","protected":false},"excerpt":{"rendered":"<p>Redacci\u00f3n\/Zona Roja. Oaxaca de Ju\u00e1rez, Oax., a 5 de octubre de 2022.- Al menos cuatro&hellip;<\/p>\n","protected":false},"author":2,"featured_media":46592,"comment_status":"closed","ping_status":"open","sticky":false,"template":"","format":"standard","meta":{"_lmt_disableupdate":"","_lmt_disable":"","_jetpack_memberships_contains_paid_content":false,"footnotes":""},"categories":[109,47],"tags":[2264],"class_list":["post-46591","post","type-post","status-publish","format-standard","has-post-thumbnail","hentry","category-minuto-a-minuto","category-zona-gris","tag-bloqueos-y-protestas-oaxaca"],"jetpack_featured_media_url":"https:\/\/zonaroja.com.mx\/wp-content\/uploads\/2022\/10\/Bloqueo-San-Dionisio-del-Mar.jpg","jetpack_sharing_enabled":true,"_links":{"self":[{"href":"https:\/\/zonaroja.com.mx\/index.php?rest_route=\/wp\/v2\/posts\/46591","targetHints":{"allow":["GET"]}}],"collection":[{"href":"https:\/\/zonaroja.com.mx\/index.php?rest_route=\/wp\/v2\/posts"}],"about":[{"href":"https:\/\/zonaroja.com.mx\/index.php?rest_route=\/wp\/v2\/types\/post"}],"author":[{"embeddable":true,"href":"https:\/\/zonaroja.com.mx\/index.php?rest_route=\/wp\/v2\/users\/2"}],"replies":[{"embeddable":true,"href":"https:\/\/zonaroja.com.mx\/index.php?rest_route=%2Fwp%2Fv2%2Fcomments&post=46591"}],"version-history":[{"count":1,"href":"https:\/\/zonaroja.com.mx\/index.php?rest_route=\/wp\/v2\/posts\/46591\/revisions"}],"predecessor-version":[{"id":46593,"href":"https:\/\/zonaroja.com.mx\/index.php?rest_route=\/wp\/v2\/posts\/46591\/revisions\/46593"}],"wp:featuredmedia":[{"embeddable":true,"href":"https:\/\/zonaroja.com.mx\/index.php?rest_route=\/wp\/v2\/media\/46592"}],"wp:attachment":[{"href":"https:\/\/zonaroja.com.mx\/index.php?rest_route=%2Fwp%2Fv2%2Fmedia&parent=46591"}],"wp:term":[{"taxonomy":"category","embeddable":true,"href":"https:\/\/zonaroja.com.mx\/index.php?rest_route=%2Fwp%2Fv2%2Fcategories&post=46591"},{"taxonomy":"post_tag","embeddable":true,"href":"https:\/\/zonaroja.com.mx\/index.php?rest_route=%2Fwp%2Fv2%2Ftags&post=46591"}],"curies":[{"name":"wp","href":"https:\/\/api.w.org\/{rel}","templated":true}]}}