{"id":46598,"date":"2022-10-06T09:00:00","date_gmt":"2022-10-06T14:00:00","guid":{"rendered":"http:\/\/www.zonaroja.com.mx\/?p=46598"},"modified":"2022-10-06T06:45:16","modified_gmt":"2022-10-06T11:45:16","slug":"registra-la-defensoria-de-derechos-humanos-16-muertes-en-carceles-municipales","status":"publish","type":"post","link":"https:\/\/zonaroja.com.mx\/?p=46598","title":{"rendered":"Registra la Defensor\u00eda de Derechos Humanos 16 muertes en c\u00e1rceles municipales"},"content":{"rendered":"\n<p>Redacci\u00f3n\/Zona Roja.<\/p>\n\n\n\n<p>Oaxaca de Ju\u00e1rez, Oax., a 6 de octubre de 2022.- Del a\u00f1o 2015 a septiembre de 2022 se han registrado 16 muertes en c\u00e1rceles municipales, reconoci\u00f3 la Defensor\u00eda de los Derechos Humanos del Pueblo de Oaxaca (DDHPO).<\/p>\n\n\n\n<p>Adem\u00e1s, en ese mismo periodo de tiempo, se han documentado tambi\u00e9n 474 quejas relacionadas con presuntos abusos policiales, destac\u00f3 en un comunicado de prensa.<\/p>\n\n\n\n<p>Ello \u00abdemuestra la urgencia de establecer protocolos de actuaci\u00f3n homogeneizados que permitan garantizar la vida e integridad f\u00edsica de las personas detenidas\u201d, dijo el presidente del organismo, Bernardo Rodr\u00edguez Alamilla.<\/p>\n\n\n\n<p>El defensor particip\u00f3 ayer en la Reuni\u00f3n del Grupo de Coordinaci\u00f3n para la Construcci\u00f3n de la Paz y Seguridad Regi\u00f3n Oaxaca de Ju\u00e1rez, donde expuso la urgencia de dignificar los centros de detenci\u00f3n municipal y establecer protocolos que garanticen la vida de las personas que son resguardadas en estos espacios.<\/p>\n\n\n\n<p>Ante el director general de la Coordinaci\u00f3n con Entidades Federativas Zona 2 de la Secretar\u00eda de Seguridad y Protecci\u00f3n Ciudadana (SSPC) del Gobierno de M\u00e9xico, Santiago Segui Amortegui, y del presidente municipal capitalino, Francisco Mart\u00ednez Neri, destac\u00f3 la importancia de que los ayuntamientos cuenten con sitios dignos para hombres y mujeres, donde resguardar a las personas detenidas por faltas administrativas, o, en tanto se canalizan a las instancias competentes.<\/p>\n\n\n\n<p>Tambi\u00e9n, apunt\u00f3 la urgencia de la instalaci\u00f3n de c\u00e1maras de videovigilancia en los centros de detenci\u00f3n, que permitan monitorear de manera permanente la situaci\u00f3n en la que se encuentran las personas que est\u00e1n bajo resguardo de la polic\u00eda municipal.<\/p>\n\n\n\n<p>Rodr\u00edguez Alamilla plante\u00f3 la necesidad de que las y los uniformados cuenten con capacitaci\u00f3n y que las autoridades municipales consideren a la Defensor\u00eda como un ente aliado en la construcci\u00f3n de espacios seguros y respetuosos de los derechos humanos.<\/p>\n\n\n\n<p>En su oportunidad, el director general de la Coordinaci\u00f3n con Entidades Federativas Zona 2 de la SSPC del Gobierno de M\u00e9xico, Santiago Segui Amortegui ofreci\u00f3 al ombudsperson oaxaque\u00f1o, la posibilidad de establecer un protocolo no solo para Oaxaca, sino para todas las polic\u00edas de la zona 2, que permita garantizar la seguridad y dignidad de las personas que son detenidas.<\/p>\n\n\n\n<p>Recalc\u00f3 la importancia de la participaci\u00f3n de la Defensor\u00eda de los Derechos Humanos del Pueblo de Oaxaca (DDHPO) en las mesas de seguridad y, sobre todo, para promover actuaciones bajo est\u00e1ndares nacionales e internacionales de derechos humanos.<\/p>\n","protected":false},"excerpt":{"rendered":"<p>Redacci\u00f3n\/Zona Roja. Oaxaca de Ju\u00e1rez, Oax., a 6 de octubre de 2022.- Del a\u00f1o 2015&hellip;<\/p>\n","protected":false},"author":2,"featured_media":30721,"comment_status":"closed","ping_status":"open","sticky":false,"template":"","format":"standard","meta":{"_lmt_disableupdate":"","_lmt_disable":"","_jetpack_memberships_contains_paid_content":false,"footnotes":""},"categories":[109,47],"tags":[287],"class_list":["post-46598","post","type-post","status-publish","format-standard","has-post-thumbnail","hentry","category-minuto-a-minuto","category-zona-gris","tag-ddhpo"],"jetpack_featured_media_url":"https:\/\/zonaroja.com.mx\/wp-content\/uploads\/2021\/08\/Prision-carcel-3.jpg","jetpack_sharing_enabled":true,"_links":{"self":[{"href":"https:\/\/zonaroja.com.mx\/index.php?rest_route=\/wp\/v2\/posts\/46598","targetHints":{"allow":["GET"]}}],"collection":[{"href":"https:\/\/zonaroja.com.mx\/index.php?rest_route=\/wp\/v2\/posts"}],"about":[{"href":"https:\/\/zonaroja.com.mx\/index.php?rest_route=\/wp\/v2\/types\/post"}],"author":[{"embeddable":true,"href":"https:\/\/zonaroja.com.mx\/index.php?rest_route=\/wp\/v2\/users\/2"}],"replies":[{"embeddable":true,"href":"https:\/\/zonaroja.com.mx\/index.php?rest_route=%2Fwp%2Fv2%2Fcomments&post=46598"}],"version-history":[{"count":1,"href":"https:\/\/zonaroja.com.mx\/index.php?rest_route=\/wp\/v2\/posts\/46598\/revisions"}],"predecessor-version":[{"id":46599,"href":"https:\/\/zonaroja.com.mx\/index.php?rest_route=\/wp\/v2\/posts\/46598\/revisions\/46599"}],"wp:featuredmedia":[{"embeddable":true,"href":"https:\/\/zonaroja.com.mx\/index.php?rest_route=\/wp\/v2\/media\/30721"}],"wp:attachment":[{"href":"https:\/\/zonaroja.com.mx\/index.php?rest_route=%2Fwp%2Fv2%2Fmedia&parent=46598"}],"wp:term":[{"taxonomy":"category","embeddable":true,"href":"https:\/\/zonaroja.com.mx\/index.php?rest_route=%2Fwp%2Fv2%2Fcategories&post=46598"},{"taxonomy":"post_tag","embeddable":true,"href":"https:\/\/zonaroja.com.mx\/index.php?rest_route=%2Fwp%2Fv2%2Ftags&post=46598"}],"curies":[{"name":"wp","href":"https:\/\/api.w.org\/{rel}","templated":true}]}}