{"id":4661,"date":"2019-10-08T21:13:55","date_gmt":"2019-10-09T02:13:55","guid":{"rendered":"http:\/\/www.zonaroja.com.mx\/?p=4661"},"modified":"2019-10-08T21:13:59","modified_gmt":"2019-10-09T02:13:59","slug":"respaldan-organizaciones-la-lucha-de-codedi-y-denuncian-represion-en-su-contra","status":"publish","type":"post","link":"https:\/\/zonaroja.com.mx\/?p=4661","title":{"rendered":"Respaldan organizaciones la lucha de Codedi y denuncian represi\u00f3n en su contra"},"content":{"rendered":"\n<p>Redacci\u00f3n\/Zona\nRoja.<\/p>\n\n\n\n<p>Oaxaca\nde Ju\u00e1rez, Oax., 8 de octubre de 2019.- Integrantes del Consejo de\nOrganizaciones Oaxaque\u00f1as Aut\u00f3nomas (COOA) denunciaron la represi\u00f3n que viven\nactualmente integrantes del Comit\u00e9 de Defensa de Derechos Ind\u00edgenas (Codedi),\nquienes han sido se\u00f1alados de asesinar a golpes a un elemento de la Agencia\nEstatal de Investigaciones, en las inmediaciones de Santiago Xanica.<\/p>\n\n\n\n<p>Por\nlo anterior, exigieron un alto inmediato a la campa\u00f1a represiva contra Codedi,\nque cesen los atentados y las provocaciones armadas contra integrantes de la\norganizaci\u00f3n y habitantes de Santiago Xanica, as\u00ed como el respeto irrestricto a\nlos derechos de los pueblos ind\u00edgenas consagrados en los tratados\ninternacionales y en la Constituci\u00f3n Mexicana.<\/p>\n\n\n\n<p>Mediante\nun comunicado, explicaron que es evidente la intenci\u00f3n de desacreditar la lucha\nsocial de las organizaciones ind\u00edgenas, particularmente cuando defienden\nterritorios codiciados por las empresas tur\u00edsticas y extractivistas, los\ncaciques regionales partidistas, las mafias madereras y el crimen organizado.<\/p>\n\n\n\n<p>As\u00ed\nmismo, recordaron que en incontables ocasiones se han manifestado de forma pac\u00edfica\npara denunciar los ataques en contra de integrantes de la Codedi y exigir la\ndetenci\u00f3n de los responsables, incluso del asesinato de cinco militantes de la\norganizaci\u00f3n, lo cual no ha tenido \u00e9xito alguno.<\/p>\n\n\n\n<p>\u201cLos\nintegrantes del Concejo de Organizaciones Oaxaque\u00f1as Aut\u00f3nomas, estamos\nindignados ante la doble moral del Estado, en donde nuestros esfuerzos jur\u00eddicos\ny pol\u00edticos, nuestras movilizaciones masivas, caravanas y campamentos en\ndefensa de los derechos de los pueblos ind\u00edgenas organizados en Codedi, y por\nel esclarecimiento de los cinco asesinatos en su contra, han encontrado o\u00eddos\nsordos de parte de los que se dicen representantes de los tres poderes del\nestado\u201d, refieren.<\/p>\n\n\n\n<p>Si\nbien lamentaron la muerte del elemento de la Agencia Estatal de\nInvestigaciones, aseguraron que este formaba parte de la campa\u00f1a de provocaci\u00f3n\nhacia la comunidad y miembros de la Codedi, quienes actuaron en defensa propia\ny como parte de su larga trayectoria de reconstruir la resistencia y autonom\u00eda\nind\u00edgena.<\/p>\n\n\n\n<p>As\u00ed\nmismo, insistieron en la represi\u00f3n que se vive, incluso a nivel nacional, en\ncontra de quienes defienden los territorios contra la voracidad de las empresas\nnacionales y transnacionales y contra el exterminio ecol\u00f3gico. \u201cNo quieren que\nlos indios pobres estorbemos el \u201cdesarrollo\u201d tur\u00edstico, empresarial y criminal\nde Huatulco y alrededores\u201d.<\/p>\n\n\n\n<p>Recriminaron\nque sea el Estado, el que no ha respondido por los ataques a defensores y no ha\ndado respuesta ante los asesinatos de cinco integrantes de Codedi, quienes el\nd\u00eda de hoy instrumentan operativos inmediatos para dar con los responsables de\nla muerte del elemento de la AEI, dando a entender que hay vidas de primera y\nsegunda, siendo estas \u00faltimas de la comunidad ind\u00edgena olvidada por las\nautoridades.<\/p>\n\n\n\n<p>Se\npronunciaron a favor de la lucha ind\u00edgena e insistieron en el alto inmediato a\nla campa\u00f1a represiva su contra, que cesen los atentados y las provocaciones\narmadas contra integrantes de la organizaci\u00f3n y habitantes de Santiago Xanica.<\/p>\n","protected":false},"excerpt":{"rendered":"<p>Redacci\u00f3n\/Zona Roja. Oaxaca de Ju\u00e1rez, Oax., 8 de octubre de 2019.- Integrantes del Consejo de&hellip;<\/p>\n","protected":false},"author":2,"featured_media":4662,"comment_status":"closed","ping_status":"open","sticky":false,"template":"","format":"standard","meta":{"_lmt_disableupdate":"","_lmt_disable":"","_jetpack_memberships_contains_paid_content":false,"footnotes":""},"categories":[109,47],"tags":[832,628],"class_list":["post-4661","post","type-post","status-publish","format-standard","has-post-thumbnail","hentry","category-minuto-a-minuto","category-zona-gris","tag-comite-de-defensa-de-derechos-indigenas-codedi","tag-santiago-xanica"],"jetpack_featured_media_url":"https:\/\/zonaroja.com.mx\/wp-content\/uploads\/2019\/10\/PHOTO-2019-10-07-20-35-53-1.jpg","jetpack_sharing_enabled":true,"_links":{"self":[{"href":"https:\/\/zonaroja.com.mx\/index.php?rest_route=\/wp\/v2\/posts\/4661","targetHints":{"allow":["GET"]}}],"collection":[{"href":"https:\/\/zonaroja.com.mx\/index.php?rest_route=\/wp\/v2\/posts"}],"about":[{"href":"https:\/\/zonaroja.com.mx\/index.php?rest_route=\/wp\/v2\/types\/post"}],"author":[{"embeddable":true,"href":"https:\/\/zonaroja.com.mx\/index.php?rest_route=\/wp\/v2\/users\/2"}],"replies":[{"embeddable":true,"href":"https:\/\/zonaroja.com.mx\/index.php?rest_route=%2Fwp%2Fv2%2Fcomments&post=4661"}],"version-history":[{"count":1,"href":"https:\/\/zonaroja.com.mx\/index.php?rest_route=\/wp\/v2\/posts\/4661\/revisions"}],"predecessor-version":[{"id":4663,"href":"https:\/\/zonaroja.com.mx\/index.php?rest_route=\/wp\/v2\/posts\/4661\/revisions\/4663"}],"wp:featuredmedia":[{"embeddable":true,"href":"https:\/\/zonaroja.com.mx\/index.php?rest_route=\/wp\/v2\/media\/4662"}],"wp:attachment":[{"href":"https:\/\/zonaroja.com.mx\/index.php?rest_route=%2Fwp%2Fv2%2Fmedia&parent=4661"}],"wp:term":[{"taxonomy":"category","embeddable":true,"href":"https:\/\/zonaroja.com.mx\/index.php?rest_route=%2Fwp%2Fv2%2Fcategories&post=4661"},{"taxonomy":"post_tag","embeddable":true,"href":"https:\/\/zonaroja.com.mx\/index.php?rest_route=%2Fwp%2Fv2%2Ftags&post=4661"}],"curies":[{"name":"wp","href":"https:\/\/api.w.org\/{rel}","templated":true}]}}