{"id":46610,"date":"2022-10-06T14:27:37","date_gmt":"2022-10-06T19:27:37","guid":{"rendered":"https:\/\/www.zonaroja.com.mx\/?p=46610"},"modified":"2022-10-06T14:29:13","modified_gmt":"2022-10-06T19:29:13","slug":"46610","status":"publish","type":"post","link":"https:\/\/zonaroja.com.mx\/?p=46610","title":{"rendered":"Liberan a mayor\u00eda de docentes de la Secci\u00f3n 22 retenidos en G\u00fcil\u00e1, Oaxaca"},"content":{"rendered":"\n<p>Yuridiana Sosa\/ Zona Roja.<\/p>\n\n\n\n<p>Oaxaca de Ju\u00e1rez, Oax., a 6 de octubre de 2022.- Nueve de 12 docentes afiliados a la Secci\u00f3n 22 fueron liberados este mediod\u00eda, tras 14 horas de retenci\u00f3n en San Pablo G\u00fcil\u00e1; los otros tres fueron consignados al Ministerio P\u00fablico. <\/p>\n\n\n\n<p>Y es que ante la presunta distribuci\u00f3n de estupefacientes entre el alumnado, docentes agremiados al Sindicato Nacional de Trabajadores de la Educaci\u00f3n (SNTE) fueron retenidos desde ayer en la poblaci\u00f3n en la agencia de Santiago Matatl\u00e1n, en la regi\u00f3n Valles Centrales de Oaxaca.<\/p>\n\n\n\n<p>En una asamblea general, la comunidad acord\u00f3 la noche de este mi\u00e9rcoles retener a una docena de profesores de la escuela secundaria T\u00e9cnica 160, quienes son acusados de vender y drogar a los estudiantes adolescentes de su comunidad.<\/p>\n\n\n\n<p>Adem\u00e1s, algunos padres de familia se\u00f1alan y temen de una presunta intenci\u00f3n de ocupar a las alumnas en asuntos de pornograf\u00eda.<\/p>\n\n\n\n<p>Madres y padres de la comunidad exigen al Instituto Estatal de Educaci\u00f3n P\u00fablica de Oaxaca (IEEPO) la destituci\u00f3n inmediata de esa plantilla de docentes, as\u00ed como la intervenci\u00f3n de la Secretar\u00eda General de Gobierno para solucionar el problema.<\/p>\n\n\n\n<p>Fue despu\u00e9s del mediod\u00eda en que fueron puestos en libertad la mayor\u00eda y el resto fue trasladado a la Fiscal\u00eda General del Estado para las indagatorias correspondientes. <\/p>\n\n\n\n<p>En tanto, hasta el momento el Gobierno del Estado no ha emitido ninguna postura al respecto ni ha informado si ya interviene para lograr la liberaci\u00f3n de los docentes.<\/p>\n\n\n\n<figure class=\"wp-block-embed\"><div class=\"wp-block-embed__wrapper\">\n<div class=\"twitter-tweet\"><blockquote class=\"twitter-tweet\" data-lang=\"es\"><p lang=\"es\" dir=\"ltr\"><a href=\"https:\/\/twitter.com\/hashtag\/%C3%9AltimoMinuto?src=hash&amp;ref_src=twsrc%5Etfw\">#\u00daltimoMinuto<\/a> <br>As\u00ed fue anoche la retenci\u00f3n de profesores de secundaria, en la comunidad de San Pablo G\u00fcil\u00e1, perteneciente al municipio de Santiago Matatl\u00e1n, Oaxaca.<br>Las autoridades estatales a\u00fan no reportan la liberaci\u00f3n.<br>Video: Cortes\u00eda. <a href=\"https:\/\/t.co\/7Bk5a3GNTI\">pic.twitter.com\/7Bk5a3GNTI<\/a><\/p>&mdash; Zona Roja Oaxaca (@ZonaRoja_Oaxaca) <a href=\"https:\/\/twitter.com\/ZonaRoja_Oaxaca\/status\/1578015581046980609?ref_src=twsrc%5Etfw\">6 de octubre de 2022<\/a><\/blockquote><\/div>\n<\/div><\/figure>\n","protected":false},"excerpt":{"rendered":"<p>Yuridiana Sosa\/ Zona Roja. Oaxaca de Ju\u00e1rez, Oax., a 6 de octubre de 2022.- Nueve&hellip;<\/p>\n","protected":false},"author":2,"featured_media":46609,"comment_status":"closed","ping_status":"open","sticky":false,"template":"","format":"standard","meta":{"_lmt_disableupdate":"","_lmt_disable":"","_jetpack_memberships_contains_paid_content":false,"footnotes":""},"categories":[109,47],"tags":[],"class_list":["post-46610","post","type-post","status-publish","format-standard","has-post-thumbnail","hentry","category-minuto-a-minuto","category-zona-gris"],"jetpack_featured_media_url":"https:\/\/zonaroja.com.mx\/wp-content\/uploads\/2022\/10\/f5d6b3fa-a090-425f-b41f-692dbab77530.jpg","jetpack_sharing_enabled":true,"_links":{"self":[{"href":"https:\/\/zonaroja.com.mx\/index.php?rest_route=\/wp\/v2\/posts\/46610","targetHints":{"allow":["GET"]}}],"collection":[{"href":"https:\/\/zonaroja.com.mx\/index.php?rest_route=\/wp\/v2\/posts"}],"about":[{"href":"https:\/\/zonaroja.com.mx\/index.php?rest_route=\/wp\/v2\/types\/post"}],"author":[{"embeddable":true,"href":"https:\/\/zonaroja.com.mx\/index.php?rest_route=\/wp\/v2\/users\/2"}],"replies":[{"embeddable":true,"href":"https:\/\/zonaroja.com.mx\/index.php?rest_route=%2Fwp%2Fv2%2Fcomments&post=46610"}],"version-history":[{"count":2,"href":"https:\/\/zonaroja.com.mx\/index.php?rest_route=\/wp\/v2\/posts\/46610\/revisions"}],"predecessor-version":[{"id":46612,"href":"https:\/\/zonaroja.com.mx\/index.php?rest_route=\/wp\/v2\/posts\/46610\/revisions\/46612"}],"wp:featuredmedia":[{"embeddable":true,"href":"https:\/\/zonaroja.com.mx\/index.php?rest_route=\/wp\/v2\/media\/46609"}],"wp:attachment":[{"href":"https:\/\/zonaroja.com.mx\/index.php?rest_route=%2Fwp%2Fv2%2Fmedia&parent=46610"}],"wp:term":[{"taxonomy":"category","embeddable":true,"href":"https:\/\/zonaroja.com.mx\/index.php?rest_route=%2Fwp%2Fv2%2Fcategories&post=46610"},{"taxonomy":"post_tag","embeddable":true,"href":"https:\/\/zonaroja.com.mx\/index.php?rest_route=%2Fwp%2Fv2%2Ftags&post=46610"}],"curies":[{"name":"wp","href":"https:\/\/api.w.org\/{rel}","templated":true}]}}