{"id":46617,"date":"2022-10-06T15:50:58","date_gmt":"2022-10-06T20:50:58","guid":{"rendered":"http:\/\/www.zonaroja.com.mx\/?p=46617"},"modified":"2022-10-06T15:50:59","modified_gmt":"2022-10-06T20:50:59","slug":"inicia-fiscalia-investigacion-tras-denuncia-contra-profesores-en-guila","status":"publish","type":"post","link":"https:\/\/zonaroja.com.mx\/?p=46617","title":{"rendered":"Inicia Fiscal\u00eda investigaci\u00f3n, tras denuncia contra profesores en G\u00fcil\u00e1"},"content":{"rendered":"\n<p>Redacci\u00f3n\/Zona Roja.<\/p>\n\n\n\n<p>Oaxaca de Ju\u00e1rez, Oax., a 6 de octubre de 2022.- La Fiscal\u00eda General del Estado de Oaxaca (FGEO), intervino en el proceso de liberaci\u00f3n de un grupo de profesores retenidos en la localidad de San Pablo G\u00fcil\u00e1, perteneciente al municipio de Santiago Matatl\u00e1n, en la regi\u00f3n de Valles Centrales, adem\u00e1s de iniciar una exhaustiva investigaci\u00f3n en torno a estos hechos. &nbsp;<\/p>\n\n\n\n<p>La FGEO, en estrecha colaboraci\u00f3n con personal de la Secretar\u00eda General de Gobierno del Estado de Oaxaca (Segego) y del Instituto Estatal de Educaci\u00f3n P\u00fablica de Oaxaca (IEEPO), form\u00f3 parte de las mesas de negociaci\u00f3n realizadas para lograr la liberaci\u00f3n de un grupo de profesores de una Escuela Secundaria, retenidos en la referida localidad.<\/p>\n\n\n\n<p>Desde que tuvo conocimiento del caso, la Direcci\u00f3n de Averiguaciones Previas y Procesos inici\u00f3 las investigaciones correspondientes, a las que dar\u00e1 continuidad para confirmar o descartar la probable comisi\u00f3n de alg\u00fan delito, adem\u00e1s que se trabaja en el procesamiento para fincar las responsabilidades que correspondan.<\/p>\n\n\n\n<p>La Fiscal\u00eda General compromete toda su capacidad Institucional para intervenir, atender y darle soluci\u00f3n a conflictos de \u00edndole social, haciendo prevalecer la justicia y el Estado de Derecho.<\/p>\n","protected":false},"excerpt":{"rendered":"<p>Redacci\u00f3n\/Zona Roja. Oaxaca de Ju\u00e1rez, Oax., a 6 de octubre de 2022.- La Fiscal\u00eda General&hellip;<\/p>\n","protected":false},"author":2,"featured_media":46618,"comment_status":"closed","ping_status":"open","sticky":false,"template":"","format":"standard","meta":{"_lmt_disableupdate":"","_lmt_disable":"","_jetpack_memberships_contains_paid_content":false,"footnotes":""},"categories":[109,47],"tags":[],"class_list":["post-46617","post","type-post","status-publish","format-standard","has-post-thumbnail","hentry","category-minuto-a-minuto","category-zona-gris"],"jetpack_featured_media_url":"https:\/\/zonaroja.com.mx\/wp-content\/uploads\/2022\/10\/Liberados-en-San-Pablo-Guila.jpg","jetpack_sharing_enabled":true,"_links":{"self":[{"href":"https:\/\/zonaroja.com.mx\/index.php?rest_route=\/wp\/v2\/posts\/46617","targetHints":{"allow":["GET"]}}],"collection":[{"href":"https:\/\/zonaroja.com.mx\/index.php?rest_route=\/wp\/v2\/posts"}],"about":[{"href":"https:\/\/zonaroja.com.mx\/index.php?rest_route=\/wp\/v2\/types\/post"}],"author":[{"embeddable":true,"href":"https:\/\/zonaroja.com.mx\/index.php?rest_route=\/wp\/v2\/users\/2"}],"replies":[{"embeddable":true,"href":"https:\/\/zonaroja.com.mx\/index.php?rest_route=%2Fwp%2Fv2%2Fcomments&post=46617"}],"version-history":[{"count":1,"href":"https:\/\/zonaroja.com.mx\/index.php?rest_route=\/wp\/v2\/posts\/46617\/revisions"}],"predecessor-version":[{"id":46619,"href":"https:\/\/zonaroja.com.mx\/index.php?rest_route=\/wp\/v2\/posts\/46617\/revisions\/46619"}],"wp:featuredmedia":[{"embeddable":true,"href":"https:\/\/zonaroja.com.mx\/index.php?rest_route=\/wp\/v2\/media\/46618"}],"wp:attachment":[{"href":"https:\/\/zonaroja.com.mx\/index.php?rest_route=%2Fwp%2Fv2%2Fmedia&parent=46617"}],"wp:term":[{"taxonomy":"category","embeddable":true,"href":"https:\/\/zonaroja.com.mx\/index.php?rest_route=%2Fwp%2Fv2%2Fcategories&post=46617"},{"taxonomy":"post_tag","embeddable":true,"href":"https:\/\/zonaroja.com.mx\/index.php?rest_route=%2Fwp%2Fv2%2Ftags&post=46617"}],"curies":[{"name":"wp","href":"https:\/\/api.w.org\/{rel}","templated":true}]}}