{"id":46620,"date":"2022-10-06T20:54:30","date_gmt":"2022-10-07T01:54:30","guid":{"rendered":"http:\/\/www.zonaroja.com.mx\/?p=46620"},"modified":"2022-10-06T20:54:32","modified_gmt":"2022-10-07T01:54:32","slug":"se-agota-plazo-y-oaxaca-de-juarez-sigue-sin-resolver-problema-del-basurero","status":"publish","type":"post","link":"https:\/\/zonaroja.com.mx\/?p=46620","title":{"rendered":"Se agota plazo y Oaxaca de Ju\u00e1rez sigue sin resolver problema del basurero"},"content":{"rendered":"\n<p>Yuridiana Sosa\/Zona Roja.<\/p>\n\n\n\n<p>Oaxaca de Ju\u00e1rez, Oax., a 6 de octubre de 2022.- A menos de 48 horas de fenecer el plazo del cierre del basurero municipal en Villa de &nbsp;Zaachila, la compra de un predio para el nuevo tiradero para Oaxaca de Ju\u00e1rez sigue en negociaci\u00f3n.<\/p>\n\n\n\n<p>Ante la complejidad de la situaci\u00f3n, el presidente municipal, Francisco Mart\u00ednez Neri, justific\u00f3 que el problema del destino final de los residuos s\u00f3lidos es un asunto de Estado, por lo que tambi\u00e9n tiene responsabilidad el gobierno estatal y por lo que ha mantenido comunicaci\u00f3n con la administraci\u00f3n actual y entrante.<\/p>\n\n\n\n<p>En asuntos generales de la sesi\u00f3n de Cabildo de este jueves, el edil apunt\u00f3 que contar con un nuevo espacio se ha complicado \u2013en los \u00faltimos tres meses desde que se anunci\u00f3 el cierre total para el 8 de octubre- &nbsp;debido a que los pueblos no aceptan la instalaci\u00f3n de un basurero a pesar que los residuos ya son menores a los que se depositan en Zaachila debido a la implementaci\u00f3n de la recolecci\u00f3n por separado de residuos s\u00f3lidos org\u00e1nicos.<\/p>\n\n\n\n<p>Justific\u00f3 del atraso a la soluci\u00f3n masiva de la basura a la oposici\u00f3n de los municipios donde se ha buscado terrenos, as\u00ed como de los mismos propietarios, pero se hace un esfuerzo final, previo al vencimiento del plazo, con una comunidad para contar con un predio, de lo cual decidi\u00f3 omitir detalles.<\/p>\n\n\n\n<figure class=\"wp-block-embed is-type-rich is-provider-twitter wp-block-embed-twitter\"><div class=\"wp-block-embed__wrapper\">\n<div class=\"twitter-tweet\"><blockquote class=\"twitter-tweet\" data-lang=\"es\"><p lang=\"es\" dir=\"ltr\">\u201cCiertamente estamos en un problema dif\u00edcil\u201d, dijo hoy el presidente municipal <a href=\"https:\/\/twitter.com\/FMartinezNeri?ref_src=twsrc%5Etfw\">@FMartinezNeri<\/a> durante la sesi\u00f3n de Cabildo. <br>Hasta ahora s\u00f3lo se tiene la propuesta de compra de un terreno para habilitar un tiradero. <br>El cierre total del basurero de Zaachila es en dos d\u00edas. <a href=\"https:\/\/t.co\/Td265Od36I\">pic.twitter.com\/Td265Od36I<\/a><\/p>&mdash; Zona Roja Oaxaca (@ZonaRoja_Oaxaca) <a href=\"https:\/\/twitter.com\/ZonaRoja_Oaxaca\/status\/1578189908589522944?ref_src=twsrc%5Etfw\">7 de octubre de 2022<\/a><\/blockquote><\/div>\n<\/div><\/figure>\n\n\n\n<p>\u201cEntre hoy, ma\u00f1ana o pasado esto debe de quedar, con decisiones finales\u201d, alent\u00f3 el edil, quien tambi\u00e9n asegur\u00f3 que \u201cla pol\u00edtica en el manejo de los residuos s\u00f3lidos ahora va a cambiar de manera sustantiva, no ser\u00e1 lo que es y fue Zaachila\u201d.<\/p>\n\n\n\n<p>Sin embargo, desde la llegada a la administraci\u00f3n se conoc\u00eda de la grave problem\u00e1tica y de la intenci\u00f3n de los habitantes de Zaachila de dar por concluido el servicio del basurero, que aunque es propiedad del gobierno de Oaxaca de Ju\u00e1rez, su ubicaci\u00f3n fue alcanzada por diversas colonias regidas por Usos y costumbres, y quienes finalmente determinaron su cierre.<\/p>\n\n\n\n<p>CRITICAN ABULIA<\/p>\n\n\n\n<p>Incluso, la regidora de regidora de Derechos Humanos y Asuntos Ind\u00edgenas, Mirna L\u00f3pez Torres, evidenci\u00f3 que durante los meses anteriores, ya con la bomba de tiempo en las manos, el ayuntamiento no realiz\u00f3 los esfuerzos suficientes para encontrar soluci\u00f3n al problema del destino final de los residuos.<\/p>\n\n\n\n<p>Asever\u00f3 que el gobierno municipal no ha sido responsable de fondo con las acciones que debi\u00f3 realizar, como fue la realizaci\u00f3n de un plan de gesti\u00f3n integral de residuos s\u00f3lidos, el cual se qued\u00f3 solo en la votaci\u00f3n del cabildo, pero sin ejecuci\u00f3n.<\/p>\n\n\n\n<p>\u201cNo hay justificaciones, nos ha alcanzado la realidad\u201d, manifest\u00f3 la regidora, quien agreg\u00f3 que si bien no han sido de todo omiso tambi\u00e9n cayeron en la indiferencia.&nbsp;<\/p>\n","protected":false},"excerpt":{"rendered":"<p>Yuridiana Sosa\/Zona Roja. Oaxaca de Ju\u00e1rez, Oax., a 6 de octubre de 2022.- A menos&hellip;<\/p>\n","protected":false},"author":2,"featured_media":46621,"comment_status":"closed","ping_status":"open","sticky":false,"template":"","format":"standard","meta":{"_lmt_disableupdate":"","_lmt_disable":"","_jetpack_memberships_contains_paid_content":false,"footnotes":""},"categories":[109,47],"tags":[2418],"class_list":["post-46620","post","type-post","status-publish","format-standard","has-post-thumbnail","hentry","category-minuto-a-minuto","category-zona-gris","tag-francisco-martinez-neri"],"jetpack_featured_media_url":"https:\/\/zonaroja.com.mx\/wp-content\/uploads\/2022\/10\/Sesion-de-Cabildo-Oaxaca-de-Juarez-Martinez-Neri.jpg","jetpack_sharing_enabled":true,"_links":{"self":[{"href":"https:\/\/zonaroja.com.mx\/index.php?rest_route=\/wp\/v2\/posts\/46620","targetHints":{"allow":["GET"]}}],"collection":[{"href":"https:\/\/zonaroja.com.mx\/index.php?rest_route=\/wp\/v2\/posts"}],"about":[{"href":"https:\/\/zonaroja.com.mx\/index.php?rest_route=\/wp\/v2\/types\/post"}],"author":[{"embeddable":true,"href":"https:\/\/zonaroja.com.mx\/index.php?rest_route=\/wp\/v2\/users\/2"}],"replies":[{"embeddable":true,"href":"https:\/\/zonaroja.com.mx\/index.php?rest_route=%2Fwp%2Fv2%2Fcomments&post=46620"}],"version-history":[{"count":1,"href":"https:\/\/zonaroja.com.mx\/index.php?rest_route=\/wp\/v2\/posts\/46620\/revisions"}],"predecessor-version":[{"id":46622,"href":"https:\/\/zonaroja.com.mx\/index.php?rest_route=\/wp\/v2\/posts\/46620\/revisions\/46622"}],"wp:featuredmedia":[{"embeddable":true,"href":"https:\/\/zonaroja.com.mx\/index.php?rest_route=\/wp\/v2\/media\/46621"}],"wp:attachment":[{"href":"https:\/\/zonaroja.com.mx\/index.php?rest_route=%2Fwp%2Fv2%2Fmedia&parent=46620"}],"wp:term":[{"taxonomy":"category","embeddable":true,"href":"https:\/\/zonaroja.com.mx\/index.php?rest_route=%2Fwp%2Fv2%2Fcategories&post=46620"},{"taxonomy":"post_tag","embeddable":true,"href":"https:\/\/zonaroja.com.mx\/index.php?rest_route=%2Fwp%2Fv2%2Ftags&post=46620"}],"curies":[{"name":"wp","href":"https:\/\/api.w.org\/{rel}","templated":true}]}}