{"id":46623,"date":"2022-10-06T21:52:02","date_gmt":"2022-10-07T02:52:02","guid":{"rendered":"http:\/\/www.zonaroja.com.mx\/?p=46623"},"modified":"2022-10-07T06:51:10","modified_gmt":"2022-10-07T11:51:10","slug":"jueves-matan-a-dos-mujeres-en-la-costa-a-un-individuo-en-ocotlan-y-otro-en-ejutla","status":"publish","type":"post","link":"https:\/\/zonaroja.com.mx\/?p=46623","title":{"rendered":"Jueves: matan a dos mujeres en la Costa; a un individuo en Ocotl\u00e1n y otro en Ejutla"},"content":{"rendered":"\n<p>Ismael Garc\u00eda M.\/Zona Roja.<\/p>\n\n\n\n<p>Oaxaca de Ju\u00e1rez, Oax., a 6 de octubre de 2022.- Al menos cuatro personas, entre ellas dos mujeres, han sido asesinadas este jueves en Oaxaca.<\/p>\n\n\n\n<p>En hechos separados, una femenina fue ultimada a balazos en el municipio de San Agust\u00edn Chayuco y otra en el municipio de Santiago Jamiltepec, ambos en la regi\u00f3n de la Costa.<\/p>\n\n\n\n<p>Hasta el momento las v\u00edctimas no han sido identificadas y de manera preliminar se inform\u00f3 que fueron atacadas en el interior de un bar; hasta el momento las autoridades ministeriales guardan hermetismo del caso.<\/p>\n\n\n\n<p>Mientras que en Ejutla de Crespo, la tarde de hoy fue ultimado el padre del dirigente municipal del Partido Morena, en el interior de su camioneta.<\/p>\n\n\n\n<p>La v\u00edctima fue identificada como Calixtro V. V., padre de Rodrigo V\u00e1squez, y por quien el dirigente estatal de Morena, Benjam\u00edn Viveros, emiti\u00f3 sus condolencias.<\/p>\n\n\n\n<p>Fue ejecutado en la calle Benito Ju\u00e1rez esquina con Progreso, del barrio El Se\u00f1or del Rayo, en su unidad de motor, una camioneta marca Mazda, con placas de circulaci\u00f3n NAC-8829.<\/p>\n\n\n\n<p>Despu\u00e9s del mediod\u00eda, en Ocotl\u00e1n de Morelos, colindancia con el municipio de San Antonino Castillo Velasco, fue ultimado por disparos de arma de fuego un comerciante de oficio carnicero.<\/p>\n\n\n\n<p>La v\u00edctima fue identificada como V\u00edctor M. A., quien qued\u00f3 en el exterior de su local comercial, ubicado en la calle Camino Real.<\/p>\n\n\n\n<p>Por otra parte, ayer por la noche fue asesinado un individuo, identificado como Julio R. alias \u201cPanda\u201d, en el municipio de San Pedro Pochutla, regi\u00f3n de la Costa.<\/p>\n\n\n\n<p>El crimen se perpetr\u00f3 cerca de un plantel de preescolar de la comunidad San Roque.<\/p>\n","protected":false},"excerpt":{"rendered":"<p>Ismael Garc\u00eda M.\/Zona Roja. Oaxaca de Ju\u00e1rez, Oax., a 6 de octubre de 2022.- Al&hellip;<\/p>\n","protected":false},"author":2,"featured_media":46624,"comment_status":"closed","ping_status":"open","sticky":false,"template":"","format":"standard","meta":{"_lmt_disableupdate":"","_lmt_disable":"","_jetpack_memberships_contains_paid_content":false,"footnotes":""},"categories":[109,51],"tags":[702,835],"class_list":["post-46623","post","type-post","status-publish","format-standard","has-post-thumbnail","hentry","category-minuto-a-minuto","category-zona-roja","tag-ejutla-de-crespo","tag-ocotlan-de-morelos"],"jetpack_featured_media_url":"https:\/\/zonaroja.com.mx\/wp-content\/uploads\/2022\/10\/Asesinado-cotlan-.jpg","jetpack_sharing_enabled":true,"_links":{"self":[{"href":"https:\/\/zonaroja.com.mx\/index.php?rest_route=\/wp\/v2\/posts\/46623","targetHints":{"allow":["GET"]}}],"collection":[{"href":"https:\/\/zonaroja.com.mx\/index.php?rest_route=\/wp\/v2\/posts"}],"about":[{"href":"https:\/\/zonaroja.com.mx\/index.php?rest_route=\/wp\/v2\/types\/post"}],"author":[{"embeddable":true,"href":"https:\/\/zonaroja.com.mx\/index.php?rest_route=\/wp\/v2\/users\/2"}],"replies":[{"embeddable":true,"href":"https:\/\/zonaroja.com.mx\/index.php?rest_route=%2Fwp%2Fv2%2Fcomments&post=46623"}],"version-history":[{"count":2,"href":"https:\/\/zonaroja.com.mx\/index.php?rest_route=\/wp\/v2\/posts\/46623\/revisions"}],"predecessor-version":[{"id":46632,"href":"https:\/\/zonaroja.com.mx\/index.php?rest_route=\/wp\/v2\/posts\/46623\/revisions\/46632"}],"wp:featuredmedia":[{"embeddable":true,"href":"https:\/\/zonaroja.com.mx\/index.php?rest_route=\/wp\/v2\/media\/46624"}],"wp:attachment":[{"href":"https:\/\/zonaroja.com.mx\/index.php?rest_route=%2Fwp%2Fv2%2Fmedia&parent=46623"}],"wp:term":[{"taxonomy":"category","embeddable":true,"href":"https:\/\/zonaroja.com.mx\/index.php?rest_route=%2Fwp%2Fv2%2Fcategories&post=46623"},{"taxonomy":"post_tag","embeddable":true,"href":"https:\/\/zonaroja.com.mx\/index.php?rest_route=%2Fwp%2Fv2%2Ftags&post=46623"}],"curies":[{"name":"wp","href":"https:\/\/api.w.org\/{rel}","templated":true}]}}