{"id":46626,"date":"2022-10-07T06:50:50","date_gmt":"2022-10-07T11:50:50","guid":{"rendered":"http:\/\/www.zonaroja.com.mx\/?p=46626"},"modified":"2022-10-07T06:50:51","modified_gmt":"2022-10-07T11:50:51","slug":"caso-guila-asegura-seccion-22-que-acusacion-es-invento-de-la-59","status":"publish","type":"post","link":"https:\/\/zonaroja.com.mx\/?p=46626","title":{"rendered":"Caso G\u00fcil\u00e1: asegura Secci\u00f3n 22 que acusaci\u00f3n es invento de la 59"},"content":{"rendered":"\n<p>Ismael Garc\u00eda M.\/Zona Roja.<\/p>\n\n\n\n<p>Oaxaca de Ju\u00e1rez, Oax., a 7 de octubre de 2022.- Tras calificar como abuso de autoridad y retenci\u00f3n ilegal de los docentes en San Pablo G\u00fcil\u00e1, la Secci\u00f3n 22 del SNTE asegur\u00f3 que son falsas las acusaciones y que es estrategia de la Secci\u00f3n 59 para quedarse con la Escuela Secundaria T\u00e9cnica n\u00famero 160.<\/p>\n\n\n\n<p>La docena de maestros fue retenida desde el mediod\u00eda del mi\u00e9rcoles y tras intervenciones de las autoridades estatales y la Fiscal\u00eda General del Estado, fueron liberados ayer por la tarde nueve de ellos y tres m\u00e1s trasladados al Ministerio P\u00fablico.<\/p>\n\n\n\n<p>\u201cCon vejaciones, sin derecho a alimentos, agua, sanitarios y con padecimientos cr\u00f3nicos como diabetes e hipertensi\u00f3n, los mantienen (ayer) encarcelados sin procedimiento legal previo.<\/p>\n\n\n\n<p>\u201cA partir de una supuesta acusaci\u00f3n derivado de un experimento de laboratorio donde una estudiante accidentalmente inhal\u00f3 la sustancia utilizada, sufriendo mareos y n\u00e1useas, lo cual fue atendido en su momento; situaci\u00f3n que se ha planteado por la representaci\u00f3n sindical sea investigada y deslindar responsabilidades conforme a derecho\u201d, expuso en un comunicado.<\/p>\n\n\n\n<p>En seguida culp\u00f3 que \u201cdicha situaci\u00f3n grave ha sido incitada por el regidor de Educaci\u00f3n, Isael Hern\u00e1ndez Inocentes, quien pertenece a la espuria Secci\u00f3n 59 y el agente municipal, como parte de una estrategia para apoderarse de la Escuela Secundaria e ingresar a supuestos maestros.&nbsp;<\/p>\n\n\n\n<p>\u201cTodo ello manipulando a la comunidad con falsas acusaciones, sin presentar pruebas y sometiendo a una asamblea la decisi\u00f3n de liberar a los trabajadores retenidos ilegalmente; omitiendo que como autoridades civiles est\u00e1n incurriendo en delitos graves y conduci\u00e9ndose en la ilegalidad; sin orientar a la comunidad de manera correcta y por el contrario incitando a la violencia\u201d, detall\u00f3.<\/p>\n\n\n\n<p>Exhort\u00f3 a la comunidad de San Pablo G\u00fcil\u00e1 \u201ca que no se dejen manipular por quienes tienen intereses pol\u00edticos y personales; ya que en la actualidad la justicia no puede ser ejercida por cuenta propia.<\/p>\n\n\n\n<p>\u201cCualquier tipo de acusaci\u00f3n debe ser bajo procediendo legal, solicitarles respetuosamente la liberaci\u00f3n de nuestros compa\u00f1eros y que exista una investigaci\u00f3n seria y se proceda legalmente en caso de haber responsables de las acusaciones hechas y as\u00ed evitar que la situaci\u00f3n tenga un desenlace lamentable\u201d, manifest\u00f3 ayer en su documento.<\/p>\n\n\n\n<p>A los diferentes \u00f3rdenes de gobierno demand\u00f3 hagan valer las v\u00edas legales para solucionar dicho conflicto y salvaguardar la integridad de los trabajadores de la educaci\u00f3n, \u201cde lo contrario emprenderemos acciones para la liberaci\u00f3n de nuestros compa\u00f1eros\u201d.<\/p>\n\n\n\n<p>De la misma manera, la gremial que a\u00fan encabeza Eloy L\u00f3pez Hern\u00e1ndez, pidi\u00f3 a los organismos de derechos humanos iniciar los procedimientos necesarios \u201cante la violaci\u00f3n de los derechos m\u00e1s elementales de los trabajadores retenidos arbitrariamente por el agente municipal y el regidor de educaci\u00f3n de dicha comunidad\u201d.<\/p>\n","protected":false},"excerpt":{"rendered":"<p>Ismael Garc\u00eda M.\/Zona Roja. Oaxaca de Ju\u00e1rez, Oax., a 7 de octubre de 2022.- Tras&hellip;<\/p>\n","protected":false},"author":2,"featured_media":46630,"comment_status":"closed","ping_status":"open","sticky":false,"template":"","format":"standard","meta":{"_lmt_disableupdate":"","_lmt_disable":"","_jetpack_memberships_contains_paid_content":false,"footnotes":""},"categories":[109,47],"tags":[2095],"class_list":["post-46626","post","type-post","status-publish","format-standard","has-post-thumbnail","hentry","category-minuto-a-minuto","category-zona-gris","tag-san-pablo-guila"],"jetpack_featured_media_url":"https:\/\/zonaroja.com.mx\/wp-content\/uploads\/2022\/10\/Retenidos-San-Pablo-Guila.jpg","jetpack_sharing_enabled":true,"_links":{"self":[{"href":"https:\/\/zonaroja.com.mx\/index.php?rest_route=\/wp\/v2\/posts\/46626","targetHints":{"allow":["GET"]}}],"collection":[{"href":"https:\/\/zonaroja.com.mx\/index.php?rest_route=\/wp\/v2\/posts"}],"about":[{"href":"https:\/\/zonaroja.com.mx\/index.php?rest_route=\/wp\/v2\/types\/post"}],"author":[{"embeddable":true,"href":"https:\/\/zonaroja.com.mx\/index.php?rest_route=\/wp\/v2\/users\/2"}],"replies":[{"embeddable":true,"href":"https:\/\/zonaroja.com.mx\/index.php?rest_route=%2Fwp%2Fv2%2Fcomments&post=46626"}],"version-history":[{"count":1,"href":"https:\/\/zonaroja.com.mx\/index.php?rest_route=\/wp\/v2\/posts\/46626\/revisions"}],"predecessor-version":[{"id":46631,"href":"https:\/\/zonaroja.com.mx\/index.php?rest_route=\/wp\/v2\/posts\/46626\/revisions\/46631"}],"wp:featuredmedia":[{"embeddable":true,"href":"https:\/\/zonaroja.com.mx\/index.php?rest_route=\/wp\/v2\/media\/46630"}],"wp:attachment":[{"href":"https:\/\/zonaroja.com.mx\/index.php?rest_route=%2Fwp%2Fv2%2Fmedia&parent=46626"}],"wp:term":[{"taxonomy":"category","embeddable":true,"href":"https:\/\/zonaroja.com.mx\/index.php?rest_route=%2Fwp%2Fv2%2Fcategories&post=46626"},{"taxonomy":"post_tag","embeddable":true,"href":"https:\/\/zonaroja.com.mx\/index.php?rest_route=%2Fwp%2Fv2%2Ftags&post=46626"}],"curies":[{"name":"wp","href":"https:\/\/api.w.org\/{rel}","templated":true}]}}