{"id":46633,"date":"2022-10-07T08:06:28","date_gmt":"2022-10-07T13:06:28","guid":{"rendered":"http:\/\/www.zonaroja.com.mx\/?p=46633"},"modified":"2022-10-07T08:06:29","modified_gmt":"2022-10-07T13:06:29","slug":"identifican-a-dos-mujeres-asesinadas-en-comunidades-de-oaxaca","status":"publish","type":"post","link":"https:\/\/zonaroja.com.mx\/?p=46633","title":{"rendered":"Identifican a dos mujeres asesinadas en comunidades de Oaxaca"},"content":{"rendered":"\n<p>Ismael Garc\u00eda M.\/Zona Roja.<\/p>\n\n\n\n<p>Oaxaca de Ju\u00e1rez, Oax., a 7 de octubre de 2022.- Autoridades ministeriales confirmaron el asesinato por disparos de arma de fuego de dos mujeres, en municipios de la regi\u00f3n Costa del Estado.<\/p>\n\n\n\n<p>El primer caso se registr\u00f3 minutos despu\u00e9s de las 16:00 horas en el bar \u201cLos Compadres\u201d , ubicado en la calle Porfirio D\u00edaz de Santiago Jamiltepec.<\/p>\n\n\n\n<p>Sujetos armados dispararon en contra de Ariadna Soledad L. V., de 37 a\u00f1os de edad tras lo cual huyeron; la mujer recibi\u00f3 disparos en la cabeza y presuntamente, seg\u00fan las primeras indagatorias, se le hallaron bolsitas presuntamente de droga.<\/p>\n\n\n\n<p>El segundo ataque armado ocurri\u00f3 poco despu\u00e9s de las 17:00 horas en una cantina denominada \u201cTres Rosas\u201d, ubicada en la calle Ignacio allende, del Barrio Chico de San Agust\u00edn Chayuco, en contra de una trabajadora del establecimiento.<\/p>\n\n\n\n<p>La v\u00edctima, identificada como Brenda Celeste R. G., de 26 a\u00f1os de edad, recibi\u00f3 varios impactos de arma de fuego, por lo cual fue trasladada al hospital de Santiago Jamiltepec, pero antes de recibir atenci\u00f3n m\u00e9dica, fue reportada como fallecida.<\/p>\n\n\n\n<p>La joven era originaria de la comunidad de Huehuet\u00e1n, estado de Guerrero.<\/p>\n\n\n\n<p>La Fiscal\u00eda General del Estado de Oaxaca inici\u00f3 las respectivas Carpetas de Investigaci\u00f3n, bajo los protocolos de feminicidio.<\/p>\n","protected":false},"excerpt":{"rendered":"<p>Ismael Garc\u00eda M.\/Zona Roja. Oaxaca de Ju\u00e1rez, Oax., a 7 de octubre de 2022.- Autoridades&hellip;<\/p>\n","protected":false},"author":2,"featured_media":34099,"comment_status":"closed","ping_status":"open","sticky":false,"template":"","format":"standard","meta":{"_lmt_disableupdate":"","_lmt_disable":"","_jetpack_memberships_contains_paid_content":false,"footnotes":""},"categories":[109,51],"tags":[588,797],"class_list":["post-46633","post","type-post","status-publish","format-standard","has-post-thumbnail","hentry","category-minuto-a-minuto","category-zona-roja","tag-san-agustin-chayuco","tag-santiago-jamiltepec"],"jetpack_featured_media_url":"https:\/\/zonaroja.com.mx\/wp-content\/uploads\/2021\/11\/Feminicidio-Jamiltepec-Oaxaca.jpg","jetpack_sharing_enabled":true,"_links":{"self":[{"href":"https:\/\/zonaroja.com.mx\/index.php?rest_route=\/wp\/v2\/posts\/46633","targetHints":{"allow":["GET"]}}],"collection":[{"href":"https:\/\/zonaroja.com.mx\/index.php?rest_route=\/wp\/v2\/posts"}],"about":[{"href":"https:\/\/zonaroja.com.mx\/index.php?rest_route=\/wp\/v2\/types\/post"}],"author":[{"embeddable":true,"href":"https:\/\/zonaroja.com.mx\/index.php?rest_route=\/wp\/v2\/users\/2"}],"replies":[{"embeddable":true,"href":"https:\/\/zonaroja.com.mx\/index.php?rest_route=%2Fwp%2Fv2%2Fcomments&post=46633"}],"version-history":[{"count":1,"href":"https:\/\/zonaroja.com.mx\/index.php?rest_route=\/wp\/v2\/posts\/46633\/revisions"}],"predecessor-version":[{"id":46634,"href":"https:\/\/zonaroja.com.mx\/index.php?rest_route=\/wp\/v2\/posts\/46633\/revisions\/46634"}],"wp:featuredmedia":[{"embeddable":true,"href":"https:\/\/zonaroja.com.mx\/index.php?rest_route=\/wp\/v2\/media\/34099"}],"wp:attachment":[{"href":"https:\/\/zonaroja.com.mx\/index.php?rest_route=%2Fwp%2Fv2%2Fmedia&parent=46633"}],"wp:term":[{"taxonomy":"category","embeddable":true,"href":"https:\/\/zonaroja.com.mx\/index.php?rest_route=%2Fwp%2Fv2%2Fcategories&post=46633"},{"taxonomy":"post_tag","embeddable":true,"href":"https:\/\/zonaroja.com.mx\/index.php?rest_route=%2Fwp%2Fv2%2Ftags&post=46633"}],"curies":[{"name":"wp","href":"https:\/\/api.w.org\/{rel}","templated":true}]}}