{"id":46638,"date":"2022-10-07T11:18:00","date_gmt":"2022-10-07T16:18:00","guid":{"rendered":"http:\/\/www.zonaroja.com.mx\/?p=46638"},"modified":"2022-10-07T08:21:00","modified_gmt":"2022-10-07T13:21:00","slug":"pandemia-de-covid-llevo-a-70-millones-de-personas-mas-a-la-pobreza-extrema","status":"publish","type":"post","link":"https:\/\/zonaroja.com.mx\/?p=46638","title":{"rendered":"Pandemia de Covid llev\u00f3 a 70 millones de personas m\u00e1s a la pobreza extrema"},"content":{"rendered":"\n<p>Redacci\u00f3n\/Zona Roja Cdmx.<\/p>\n\n\n\n<p>Ciudad de M\u00e9xico, a 7 de octubre de 2022.- El Banco Mundial revel\u00f3 que la pandemia empuj\u00f3 a 70 millones de personas a la pobreza extrema en 2020, el mayor aumento en un a\u00f1o desde que comenz\u00f3 el monitoreo de la pobreza global en 1990.<\/p>\n\n\n\n<p>El organismo internacional estim\u00f3 que hab\u00eda 719 millones de personas en pobreza extrema en el mundo, en 2020, a los cuales ahora se sumaron 70 millones que dej\u00f3 la pandemia, y subsisten con 2.15 d\u00f3lares al d\u00eda (un aproximado de 43.23 pesos, si el tipo de cambio es de 20.11 por d\u00f3lar).<\/p>\n\n\n\n<p>En su \u00faltimo Informe sobre Pobreza y Prosperidad Compartida, reconoci\u00f3 que cada vez se ve m\u00e1s lejano el objetivo de acabar con la pobreza extrema para 2030, sobre todo, \u201csin las tasas de crecimiento econ\u00f3mico que desaf\u00edan la historia durante el resto de \u00e9sta d\u00e9cada\u201d.<\/p>\n\n\n\n<p>Seg\u00fan Banco Mundial, el estudio es el primero en proporcionar datos actuales e hist\u00f3ricos de la l\u00ednea de pobreza extrema global, que se ajust\u00f3 al alza a 2.15 d\u00f3lares por d\u00eda para reflejar los \u00faltimos datos de poder adquisitivo en 2017.<\/p>\n\n\n\n<p>Explic\u00f3 que la pobreza extrema se redujo dr\u00e1sticamente en todo el mundo, desde 1990 hasta 2019, el \u00faltimo a\u00f1o del que hay datos oficiales disponibles.<\/p>\n\n\n\n<p>Al respecto, el presidente del Grupo del Banco Mundial, David Malpass, manifest\u00f3 su preocupaci\u00f3n por el aumento de la pobreza extrema y la disminuci\u00f3n de la prosperidad compartida provocada por la inflaci\u00f3n, la depreciaci\u00f3n de la moneda y las crisis superpuestas m\u00e1s amplias que enfrenta el desarrollo.<\/p>\n\n\n\n<p>\u201cSignifica una perspectiva sombr\u00eda para miles de millones de personas en todo el mundo\u201d, coment\u00f3 el funcionario.<\/p>\n\n\n\n<p>(Informaci\u00f3n de \u201cEl Heraldo de M\u00e9xico\u201d)<\/p>\n","protected":false},"excerpt":{"rendered":"<p>Redacci\u00f3n\/Zona Roja Cdmx. Ciudad de M\u00e9xico, a 7 de octubre de 2022.- El Banco Mundial&hellip;<\/p>\n","protected":false},"author":2,"featured_media":16390,"comment_status":"closed","ping_status":"open","sticky":false,"template":"","format":"standard","meta":{"_lmt_disableupdate":"","_lmt_disable":"","_jetpack_memberships_contains_paid_content":false,"footnotes":""},"categories":[109,47],"tags":[1510],"class_list":["post-46638","post","type-post","status-publish","format-standard","has-post-thumbnail","hentry","category-minuto-a-minuto","category-zona-gris","tag-coronavirus-pandemia-global"],"jetpack_featured_media_url":"https:\/\/zonaroja.com.mx\/wp-content\/uploads\/2020\/08\/Covid-Oaxaca-4.jpg","jetpack_sharing_enabled":true,"_links":{"self":[{"href":"https:\/\/zonaroja.com.mx\/index.php?rest_route=\/wp\/v2\/posts\/46638","targetHints":{"allow":["GET"]}}],"collection":[{"href":"https:\/\/zonaroja.com.mx\/index.php?rest_route=\/wp\/v2\/posts"}],"about":[{"href":"https:\/\/zonaroja.com.mx\/index.php?rest_route=\/wp\/v2\/types\/post"}],"author":[{"embeddable":true,"href":"https:\/\/zonaroja.com.mx\/index.php?rest_route=\/wp\/v2\/users\/2"}],"replies":[{"embeddable":true,"href":"https:\/\/zonaroja.com.mx\/index.php?rest_route=%2Fwp%2Fv2%2Fcomments&post=46638"}],"version-history":[{"count":1,"href":"https:\/\/zonaroja.com.mx\/index.php?rest_route=\/wp\/v2\/posts\/46638\/revisions"}],"predecessor-version":[{"id":46639,"href":"https:\/\/zonaroja.com.mx\/index.php?rest_route=\/wp\/v2\/posts\/46638\/revisions\/46639"}],"wp:featuredmedia":[{"embeddable":true,"href":"https:\/\/zonaroja.com.mx\/index.php?rest_route=\/wp\/v2\/media\/16390"}],"wp:attachment":[{"href":"https:\/\/zonaroja.com.mx\/index.php?rest_route=%2Fwp%2Fv2%2Fmedia&parent=46638"}],"wp:term":[{"taxonomy":"category","embeddable":true,"href":"https:\/\/zonaroja.com.mx\/index.php?rest_route=%2Fwp%2Fv2%2Fcategories&post=46638"},{"taxonomy":"post_tag","embeddable":true,"href":"https:\/\/zonaroja.com.mx\/index.php?rest_route=%2Fwp%2Fv2%2Ftags&post=46638"}],"curies":[{"name":"wp","href":"https:\/\/api.w.org\/{rel}","templated":true}]}}