{"id":4664,"date":"2019-10-08T21:45:09","date_gmt":"2019-10-09T02:45:09","guid":{"rendered":"http:\/\/www.zonaroja.com.mx\/?p=4664"},"modified":"2019-10-08T21:45:12","modified_gmt":"2019-10-09T02:45:12","slug":"saldo-del-martes-un-ejecutado-en-puerto-escondido","status":"publish","type":"post","link":"https:\/\/zonaroja.com.mx\/?p=4664","title":{"rendered":"Saldo del martes: un ejecutado en Puerto Escondido"},"content":{"rendered":"\n<p>Redacci\u00f3n\/Zona\nRoja.<\/p>\n\n\n\n<p>Oaxaca\nde Ju\u00e1rez, Oax., 8 de octubre de 2019.- Mientras m\u00e1s de 100 polic\u00edas realizaban\nun operativo en la zona monta\u00f1osa de Santa Mar\u00eda Huatulco, una persona del sexo\nmasculino fue asesinada a balazos en Puerto Escondido.<\/p>\n\n\n\n<p>Los\nhechos ocurrieron cerca de las 15:00 horas en un local de lavado de autos\nubicado en la calle 2 Oriente de la poblaci\u00f3n, perteneciente al municipio de\nSan Pedro Mixtepec.<\/p>\n\n\n\n<p>La\nv\u00edctima fue identificada como F\u00e9lix V. y el cuerpo con varios disparos de arma\nde fuego fue localizado en el interior de un veh\u00edculo marca Honda, tipo Civic\ncolor negro, con placas de circulaci\u00f3n NDY-75-50 del Estado de M\u00e9xico.<\/p>\n\n\n\n<p>Hasta\nel momento no se tienen pistas acerca del o los agresores y no hay personas\ndetenidas.<\/p>\n","protected":false},"excerpt":{"rendered":"<p>Redacci\u00f3n\/Zona Roja. Oaxaca de Ju\u00e1rez, Oax., 8 de octubre de 2019.- Mientras m\u00e1s de 100&hellip;<\/p>\n","protected":false},"author":2,"featured_media":2465,"comment_status":"closed","ping_status":"open","sticky":false,"template":"","format":"standard","meta":{"_lmt_disableupdate":"","_lmt_disable":"","_jetpack_memberships_contains_paid_content":false,"footnotes":""},"categories":[109,51],"tags":[590],"class_list":["post-4664","post","type-post","status-publish","format-standard","has-post-thumbnail","hentry","category-minuto-a-minuto","category-zona-roja","tag-puerto-escondido"],"jetpack_featured_media_url":"https:\/\/zonaroja.com.mx\/wp-content\/uploads\/2019\/07\/SSPO-4.jpg","jetpack_sharing_enabled":true,"_links":{"self":[{"href":"https:\/\/zonaroja.com.mx\/index.php?rest_route=\/wp\/v2\/posts\/4664","targetHints":{"allow":["GET"]}}],"collection":[{"href":"https:\/\/zonaroja.com.mx\/index.php?rest_route=\/wp\/v2\/posts"}],"about":[{"href":"https:\/\/zonaroja.com.mx\/index.php?rest_route=\/wp\/v2\/types\/post"}],"author":[{"embeddable":true,"href":"https:\/\/zonaroja.com.mx\/index.php?rest_route=\/wp\/v2\/users\/2"}],"replies":[{"embeddable":true,"href":"https:\/\/zonaroja.com.mx\/index.php?rest_route=%2Fwp%2Fv2%2Fcomments&post=4664"}],"version-history":[{"count":1,"href":"https:\/\/zonaroja.com.mx\/index.php?rest_route=\/wp\/v2\/posts\/4664\/revisions"}],"predecessor-version":[{"id":4665,"href":"https:\/\/zonaroja.com.mx\/index.php?rest_route=\/wp\/v2\/posts\/4664\/revisions\/4665"}],"wp:featuredmedia":[{"embeddable":true,"href":"https:\/\/zonaroja.com.mx\/index.php?rest_route=\/wp\/v2\/media\/2465"}],"wp:attachment":[{"href":"https:\/\/zonaroja.com.mx\/index.php?rest_route=%2Fwp%2Fv2%2Fmedia&parent=4664"}],"wp:term":[{"taxonomy":"category","embeddable":true,"href":"https:\/\/zonaroja.com.mx\/index.php?rest_route=%2Fwp%2Fv2%2Fcategories&post=4664"},{"taxonomy":"post_tag","embeddable":true,"href":"https:\/\/zonaroja.com.mx\/index.php?rest_route=%2Fwp%2Fv2%2Ftags&post=4664"}],"curies":[{"name":"wp","href":"https:\/\/api.w.org\/{rel}","templated":true}]}}