{"id":46656,"date":"2022-10-07T20:09:37","date_gmt":"2022-10-08T01:09:37","guid":{"rendered":"http:\/\/www.zonaroja.com.mx\/?p=46656"},"modified":"2022-10-07T20:09:38","modified_gmt":"2022-10-08T01:09:38","slug":"asesinan-a-balazos-a-dos-personas-en-la-costa-de-oaxaca","status":"publish","type":"post","link":"https:\/\/zonaroja.com.mx\/?p=46656","title":{"rendered":"Asesinan a balazos a dos personas en la Costa de Oaxaca"},"content":{"rendered":"\n<p>Redacci\u00f3n\/Zona Roja.<\/p>\n\n\n\n<p>Dos personas fueron asesinadas este viernes, en hechos separados, en la regi\u00f3n Costa del estado de Oaxaca.<\/p>\n\n\n\n<p>En la agencia de El Ciruelo, perteneciente al municipio de Santiago Pinotepa Nacional, fue ultimado un joven de aproximadamente 25 a\u00f1os de edad, identificado por ahora \u00fanicamente con las iniciales J. H. M.<\/p>\n\n\n\n<p>Los polic\u00edas lo hallaron atado de las manos y presenta un disparo de arma de fuego en la cabeza; se presume que habr\u00eda sido linchado, al haber sido acusado de robo a una escuela.<\/p>\n\n\n\n<p>Mientras que en Santa Catarina Juquila, fue ultimado un individuo, conocido como \u201cEl G\u00fcero\u201d, tambi\u00e9n por disparos de arma de fuego, hechos registrados en la calle 29 de Junio, del barrio Guadalupe.<\/p>\n\n\n\n<p>Tambi\u00e9n result\u00f3 lesionado un sujeto identificado con el alias de \u201cEl Pifias\u201d, mismo que fue trasladado al hospital de dicho municipio coste\u00f1o.<\/p>\n\n\n\n<p>Este \u00faltimo caso ya fue confirmado por la Fiscal\u00eda General del Estado, a trav\u00e9s de un comunicado, en que detall\u00f3 que dio inicio a la Carpeta de Investigaci\u00f3n correspondiente.<\/p>\n","protected":false},"excerpt":{"rendered":"<p>Redacci\u00f3n\/Zona Roja. Dos personas fueron asesinadas este viernes, en hechos separados, en la regi\u00f3n Costa&hellip;<\/p>\n","protected":false},"author":2,"featured_media":46657,"comment_status":"closed","ping_status":"open","sticky":false,"template":"","format":"standard","meta":{"_lmt_disableupdate":"","_lmt_disable":"","_jetpack_memberships_contains_paid_content":false,"footnotes":""},"categories":[109,51],"tags":[545],"class_list":["post-46656","post","type-post","status-publish","format-standard","has-post-thumbnail","hentry","category-minuto-a-minuto","category-zona-roja","tag-santa-catarina-juquila"],"jetpack_featured_media_url":"https:\/\/zonaroja.com.mx\/wp-content\/uploads\/2022\/10\/Asesinado-Santa-Catarina-Juquila.jpg","jetpack_sharing_enabled":true,"_links":{"self":[{"href":"https:\/\/zonaroja.com.mx\/index.php?rest_route=\/wp\/v2\/posts\/46656","targetHints":{"allow":["GET"]}}],"collection":[{"href":"https:\/\/zonaroja.com.mx\/index.php?rest_route=\/wp\/v2\/posts"}],"about":[{"href":"https:\/\/zonaroja.com.mx\/index.php?rest_route=\/wp\/v2\/types\/post"}],"author":[{"embeddable":true,"href":"https:\/\/zonaroja.com.mx\/index.php?rest_route=\/wp\/v2\/users\/2"}],"replies":[{"embeddable":true,"href":"https:\/\/zonaroja.com.mx\/index.php?rest_route=%2Fwp%2Fv2%2Fcomments&post=46656"}],"version-history":[{"count":1,"href":"https:\/\/zonaroja.com.mx\/index.php?rest_route=\/wp\/v2\/posts\/46656\/revisions"}],"predecessor-version":[{"id":46658,"href":"https:\/\/zonaroja.com.mx\/index.php?rest_route=\/wp\/v2\/posts\/46656\/revisions\/46658"}],"wp:featuredmedia":[{"embeddable":true,"href":"https:\/\/zonaroja.com.mx\/index.php?rest_route=\/wp\/v2\/media\/46657"}],"wp:attachment":[{"href":"https:\/\/zonaroja.com.mx\/index.php?rest_route=%2Fwp%2Fv2%2Fmedia&parent=46656"}],"wp:term":[{"taxonomy":"category","embeddable":true,"href":"https:\/\/zonaroja.com.mx\/index.php?rest_route=%2Fwp%2Fv2%2Fcategories&post=46656"},{"taxonomy":"post_tag","embeddable":true,"href":"https:\/\/zonaroja.com.mx\/index.php?rest_route=%2Fwp%2Fv2%2Ftags&post=46656"}],"curies":[{"name":"wp","href":"https:\/\/api.w.org\/{rel}","templated":true}]}}