{"id":46668,"date":"2022-10-08T09:00:00","date_gmt":"2022-10-08T14:00:00","guid":{"rendered":"http:\/\/www.zonaroja.com.mx\/?p=46668"},"modified":"2022-10-08T07:06:59","modified_gmt":"2022-10-08T12:06:59","slug":"desiste-el-teeo-de-analizar-caso-conflictivo-de-teotitlan-del-valle","status":"publish","type":"post","link":"https:\/\/zonaroja.com.mx\/?p=46668","title":{"rendered":"Desiste el TEEO de analizar caso conflictivo de Teotitl\u00e1n del Valle"},"content":{"rendered":"\n<p>Redacci\u00f3n\/Zona Roja.<\/p>\n\n\n\n<p>Oaxaca de Ju\u00e1rez, Oax., a 8 de octubre de 2022.- El Pleno del Tribunal Electoral del Estado de Oaxaca (TEEO) determin\u00f3 que no tiene competencia, en raz\u00f3n de materia, para conocer las impugnaciones presentadas por las y los integrantes del ayuntamiento de Teotitl\u00e1n del Valle en contra de ex concejales de esa comunidad, que realizan actos de autoridad.<\/p>\n\n\n\n<p>En la resoluci\u00f3n del juicio de la ciudadan\u00eda con clave JDC\/736\/2022, argument\u00f3 que los medios impugnativos en materia electoral, est\u00e1n encaminados a combatir actos o resoluciones emitidos por autoridades, que trastoquen los derechos pol\u00edtico-electorales de las personas.<\/p>\n\n\n\n<p>La magistrada presidenta, el magistrado y la coordinadora de estudio y cuenta en funciones de magistrada; por unanimidad, determinaron que las personas denunciadas, al d\u00eda de hoy, no ostentan cargo de autoridad alguno.<\/p>\n\n\n\n<p>Los actores expusieron que, en la asamblea, del 29 de septiembre de 2021, que es el m\u00e1ximo \u00f3rgano de autoridad comunitario, determin\u00f3 destituir al entonces presidente municipal, as\u00ed como aceptar y aprobar las renuncias de los otrora S\u00edndico Municipal y Regidor de Hacienda.<\/p>\n\n\n\n<p>Denunciaron que, los concejales destituidos continuaron ostent\u00e1ndose como integrantes del Ayuntamiento y realizando actos de autoridad en ese sentido.<\/p>\n\n\n\n<p>Por lo otro lado, esta sentencia tuvo por actualizada la causal de improcedencia respecto a la cancelaci\u00f3n por parte de la SEGEGO de las acreditaciones de los actores en este juicio, ya que se present\u00f3 fuera del plazo de cuatro d\u00edas que al efecto establece la Ley de Medios de Impugnaci\u00f3n.<\/p>\n\n\n\n<p>CASO SAN ANTONIO<\/p>\n\n\n\n<p>Por otra parte, en un comunicado, detall\u00f3 que en sesi\u00f3n del pleno orden\u00f3 al Instituto Estatal Electoral y de Participaci\u00f3n Ciudadana de Oaxaca asuma la rector\u00eda del proceso electivo de autoridades municipales de San Antonio de la Cal.<\/p>\n\n\n\n<p>\u201cEn la resoluci\u00f3n de los juicios electorales de los sistemas normativos internos 34 y 36, as\u00ed como el juicio de la ciudadan\u00eda 751 todos de este a\u00f1o, este \u00f3rgano jurisdiccional se\u00f1al\u00f3 que el agravio relacionado con la falta de legitimaci\u00f3n del \u00f3rgano electoral comunitario, es sustancialmente fundado y suficiente para revocar y dejar sin efectos todos los actos relacionados con el proceso electoral de autoridades del ayuntamiento\u201d.<\/p>\n\n\n\n<p>Expuso que estos no se ajustaron a lo se\u00f1alado por la Sala Regional Xalapa del Tribunal Electoral del Poder Judicial de la Federaci\u00f3n, en la resoluci\u00f3n incidental de veintinueve de julio de dos mil veintid\u00f3s en el expediente SX-JDC-103\/2020 y acumulado.<\/p>\n\n\n\n<p>En consecuencia, el Tribunal pidi\u00f3 al Consejo General del IEEPCO que emita la convocatoria para la elecci\u00f3n municipal de San Antonio de la Cal, tomando como base el dictamen que identifica el sistema normativo de la comunidad.<\/p>\n","protected":false},"excerpt":{"rendered":"<p>Redacci\u00f3n\/Zona Roja. Oaxaca de Ju\u00e1rez, Oax., a 8 de octubre de 2022.- El Pleno del&hellip;<\/p>\n","protected":false},"author":2,"featured_media":46669,"comment_status":"closed","ping_status":"open","sticky":false,"template":"","format":"standard","meta":{"_lmt_disableupdate":"","_lmt_disable":"","_jetpack_memberships_contains_paid_content":false,"footnotes":""},"categories":[109,47],"tags":[2235],"class_list":["post-46668","post","type-post","status-publish","format-standard","has-post-thumbnail","hentry","category-minuto-a-minuto","category-zona-gris","tag-tribunal-electoral-del-estado-de-oaxaca-teeo"],"jetpack_featured_media_url":"https:\/\/zonaroja.com.mx\/wp-content\/uploads\/2022\/10\/SESION-28.jpg","jetpack_sharing_enabled":true,"_links":{"self":[{"href":"https:\/\/zonaroja.com.mx\/index.php?rest_route=\/wp\/v2\/posts\/46668","targetHints":{"allow":["GET"]}}],"collection":[{"href":"https:\/\/zonaroja.com.mx\/index.php?rest_route=\/wp\/v2\/posts"}],"about":[{"href":"https:\/\/zonaroja.com.mx\/index.php?rest_route=\/wp\/v2\/types\/post"}],"author":[{"embeddable":true,"href":"https:\/\/zonaroja.com.mx\/index.php?rest_route=\/wp\/v2\/users\/2"}],"replies":[{"embeddable":true,"href":"https:\/\/zonaroja.com.mx\/index.php?rest_route=%2Fwp%2Fv2%2Fcomments&post=46668"}],"version-history":[{"count":1,"href":"https:\/\/zonaroja.com.mx\/index.php?rest_route=\/wp\/v2\/posts\/46668\/revisions"}],"predecessor-version":[{"id":46670,"href":"https:\/\/zonaroja.com.mx\/index.php?rest_route=\/wp\/v2\/posts\/46668\/revisions\/46670"}],"wp:featuredmedia":[{"embeddable":true,"href":"https:\/\/zonaroja.com.mx\/index.php?rest_route=\/wp\/v2\/media\/46669"}],"wp:attachment":[{"href":"https:\/\/zonaroja.com.mx\/index.php?rest_route=%2Fwp%2Fv2%2Fmedia&parent=46668"}],"wp:term":[{"taxonomy":"category","embeddable":true,"href":"https:\/\/zonaroja.com.mx\/index.php?rest_route=%2Fwp%2Fv2%2Fcategories&post=46668"},{"taxonomy":"post_tag","embeddable":true,"href":"https:\/\/zonaroja.com.mx\/index.php?rest_route=%2Fwp%2Fv2%2Ftags&post=46668"}],"curies":[{"name":"wp","href":"https:\/\/api.w.org\/{rel}","templated":true}]}}