{"id":46671,"date":"2022-10-08T10:00:00","date_gmt":"2022-10-08T15:00:00","guid":{"rendered":"http:\/\/www.zonaroja.com.mx\/?p=46671"},"modified":"2022-10-08T07:23:03","modified_gmt":"2022-10-08T12:23:03","slug":"por-tibia-intervencion-de-segego-van-36-dias-de-retencion-de-10-personas-en-cuenca","status":"publish","type":"post","link":"https:\/\/zonaroja.com.mx\/?p=46671","title":{"rendered":"Por tibia intervenci\u00f3n de Segego, van 36 d\u00edas de retenci\u00f3n de 10 personas en Cuenca"},"content":{"rendered":"\n<p>Yuridiana Sosa\/Zona Roja.<\/p>\n\n\n\n<p>Oaxaca de Ju\u00e1rez, Oax.,a 8 de octubre de 2022.- Familiares y esposas de los campesinos de Santiago Progreso, Valle Nacional retenidos en San Pedro Ozumac\u00edn, en la regi\u00f3n Cuenca, levantaron ayer el \u201cplant\u00f3n\u201d y huelga de hambre ante la promesa de la Secretar\u00eda General de Gobierno (Segegeo) de solucionar el conflicto.<\/p>\n\n\n\n<p>Sin embargo, hasta este s\u00e1bado no tienen ninguna propuesta de soluci\u00f3n concreta, por lo que amagan con reanudar sus movilizaciones a partir del pr\u00f3ximo lunes e incluso protestar durante una reuni\u00f3n de gobernadores del pa\u00eds que se realizar\u00e1 en Oaxaca.<\/p>\n\n\n\n<p>Durante 12 d\u00edas continuos los habitantes de Santiago Progreso mantuvieron su manifestaci\u00f3n frente al Palacio Federal, en la avenida Independencia en la capital del estado, para exigir a las autoridades del Gobierno de M\u00e9xico intervenci\u00f3n.<\/p>\n\n\n\n<p>Ayer, las esposas y familiares de los afectados fueron citados a una mesa de di\u00e1logo en la Secretar\u00eda General de Gobierno con el titular Francisco Garc\u00eda L\u00f3pez, quien hasta el momento no ha logrado convencer a ninguna de las dos partes a acceder para llegar a un acuerdo sobre la liberaci\u00f3n de los hombres.<\/p>\n\n\n\n<p>Magdaleno P\u00e9rez recalc\u00f3 que su propuesta es la liberaci\u00f3n primero y horas despu\u00e9s la asistencia de la comunidad de Santiago Progreso a San Pedro Ozucam\u00edn, Ayotzintepec, para una asamblea general el ejido, el cual comparten, pero Ozumac\u00edn exige que sea viceversa.<\/p>\n\n\n\n<p>Ante esta disputa de condiciones, los habitantes de Santiago Progreso apuntaron que de no recibir la respuesta a su favor volver\u00e1n a su protesta y \u201char\u00e1n lo que sea\u201d por obtener la libertad de los 10 hombres.<\/p>\n\n\n\n<p>En tanto, Segego reconoci\u00f3 en voz de&nbsp; su titular la versi\u00f3n de Ozumac\u00edn sobre presuntos actos de violencia, abuso y despojo que los 10 hombres retenidos han cometido en su comunidad, quienes son acusados de desterrar a una familia hace ocho a\u00f1os, apoder\u00e1ndose de sus propiedades.<\/p>\n\n\n\n<p>Adem\u00e1s, la comunidad de Ozumac\u00edn exige el pago de Santiago Progreso de un mill\u00f3n de pesos por concepto de sanciones para resarcir los da\u00f1os, a las familias afectadas y a tierras ejidales.<\/p>\n","protected":false},"excerpt":{"rendered":"<p>Yuridiana Sosa\/Zona Roja. Oaxaca de Ju\u00e1rez, Oax.,a 8 de octubre de 2022.- Familiares y esposas&hellip;<\/p>\n","protected":false},"author":2,"featured_media":45919,"comment_status":"closed","ping_status":"open","sticky":false,"template":"","format":"standard","meta":{"_lmt_disableupdate":"","_lmt_disable":"","_jetpack_memberships_contains_paid_content":false,"footnotes":""},"categories":[109,47],"tags":[3260],"class_list":["post-46671","post","type-post","status-publish","format-standard","has-post-thumbnail","hentry","category-minuto-a-minuto","category-zona-gris","tag-santiago-progreso"],"jetpack_featured_media_url":"https:\/\/zonaroja.com.mx\/wp-content\/uploads\/2022\/09\/Retenidos-Santiago-Progreso-Ozumacin.jpg","jetpack_sharing_enabled":true,"_links":{"self":[{"href":"https:\/\/zonaroja.com.mx\/index.php?rest_route=\/wp\/v2\/posts\/46671","targetHints":{"allow":["GET"]}}],"collection":[{"href":"https:\/\/zonaroja.com.mx\/index.php?rest_route=\/wp\/v2\/posts"}],"about":[{"href":"https:\/\/zonaroja.com.mx\/index.php?rest_route=\/wp\/v2\/types\/post"}],"author":[{"embeddable":true,"href":"https:\/\/zonaroja.com.mx\/index.php?rest_route=\/wp\/v2\/users\/2"}],"replies":[{"embeddable":true,"href":"https:\/\/zonaroja.com.mx\/index.php?rest_route=%2Fwp%2Fv2%2Fcomments&post=46671"}],"version-history":[{"count":1,"href":"https:\/\/zonaroja.com.mx\/index.php?rest_route=\/wp\/v2\/posts\/46671\/revisions"}],"predecessor-version":[{"id":46672,"href":"https:\/\/zonaroja.com.mx\/index.php?rest_route=\/wp\/v2\/posts\/46671\/revisions\/46672"}],"wp:featuredmedia":[{"embeddable":true,"href":"https:\/\/zonaroja.com.mx\/index.php?rest_route=\/wp\/v2\/media\/45919"}],"wp:attachment":[{"href":"https:\/\/zonaroja.com.mx\/index.php?rest_route=%2Fwp%2Fv2%2Fmedia&parent=46671"}],"wp:term":[{"taxonomy":"category","embeddable":true,"href":"https:\/\/zonaroja.com.mx\/index.php?rest_route=%2Fwp%2Fv2%2Fcategories&post=46671"},{"taxonomy":"post_tag","embeddable":true,"href":"https:\/\/zonaroja.com.mx\/index.php?rest_route=%2Fwp%2Fv2%2Ftags&post=46671"}],"curies":[{"name":"wp","href":"https:\/\/api.w.org\/{rel}","templated":true}]}}