{"id":46680,"date":"2022-10-08T12:48:00","date_gmt":"2022-10-08T17:48:00","guid":{"rendered":"http:\/\/www.zonaroja.com.mx\/?p=46680"},"modified":"2022-10-08T07:54:00","modified_gmt":"2022-10-08T12:54:00","slug":"mision-tiktok-sedena-lucha-contra-la-delincuencia-en-redes-sociales","status":"publish","type":"post","link":"https:\/\/zonaroja.com.mx\/?p=46680","title":{"rendered":"Misi\u00f3n TikTok: Sedena lucha contra la delincuencia\u2026 en redes sociales"},"content":{"rendered":"\n<p>Redacci\u00f3n\/Zona Roja Cdmx.<\/p>\n\n\n\n<p>Ciudad de M\u00e9xico, a 8 de octubre de 2022.- Desde el 8 de enero de este a\u00f1o, la Sedena mantiene un canal activo en la red social TikTok, que acumula a la fecha 159 videos de las diferentes actividades que se realizan en las instalaciones castrenses.<\/p>\n\n\n\n<p>Apenas en agosto, la Sedena obtuvo el distintivo de \u201ccuenta verificada\u201d&nbsp;para TikTok, la cuenta oficial que manejan y que ya tiene un mill\u00f3n de seguidores. En Instagram Sedenamx tiene 441 mil seguidores y Sedena Facebook es seguida por tres millones de personas.<\/p>\n\n\n\n<p>De acuerdo con documentos obtenidos de la filtraci\u00f3n provocada por #GuacamayaLeaks, las fuerzas armadas consideran las redes sociales como un elemento fundamental para la propaganda y la contrapropaganda de las actividades de inteligencia y contrainteligencia que realizan los institutos castrenses en el combate a la delincuencia organizada.<\/p>\n\n\n\n<p>Inclusive, mediante los correos oficiales de las distintas dependencias militares, se solicita el env\u00edo de videos espec\u00edficamente para su publicaci\u00f3n en TikTok, los cuales despu\u00e9s son editados para que se suban a esa red social.<\/p>\n\n\n\n<p>Pero adem\u00e1s del esfuerzo de comunicaci\u00f3n que se lleva a cabo en las cuentas oficiales de la Sedena, tambi\u00e9n se realizan actividades de otro tipo y con otra intenci\u00f3n.&nbsp;<\/p>\n\n\n\n<p>Seg\u00fan el acuerdo No. GOI\/2418 de Contrainteligencia, en su punto C, se especifica que personal adscrito a la instituci\u00f3n \u201crealiza contenido digital que se difunde a trav\u00e9s de redes sociales no oficiales,&nbsp;a fin de revertir posibles da\u00f1os a la imagen institucional y coadyuvar en su fortalecimiento\u201d.&nbsp;<\/p>\n\n\n\n<p>Es decir, que muchos de los contenidos que aparentemente son \u201cfiltrados\u201d de algunas de las actividades que realizan las fuerzas armadas, en realidad son actuaciones que se llevan a cabo para \u201cposicionar al Instituto Armado como la de mejor desempe\u00f1o y confianza\u201d, como se\u00f1ala el documento en su punto 1.<\/p>\n\n\n\n<p>En un documento fechado el 13 de febrero de 2022, marcado como \u201curgente\u201d, puede verse c\u00f3mo la comandancia de la regi\u00f3n militar n\u00famero V da difusi\u00f3n a un par de cuentas no oficiales en Facebook y Twitter, instruyendo a la comandancia para que se promueva su uso entre el personal asignado: \u201cEufemio Alberto Ibarra Flores\u201d&nbsp;en Facebook y \u201c@ComteEjercitoMex\u201d en Twitter, informando que para esa fecha contaban ya con 43 mil 096 y 3 mil 304 seguidores cada una respectivamente.<\/p>\n\n\n\n<p>CUENTAS NO OFICIALES<\/p>\n\n\n\n<p>La red de contrainteligencia considera que \u201clas redes sociales no oficiales es un campo de oportunidad para incrementar el n\u00famero de seguidores en las plataformas digitales e influir en la percepci\u00f3n que tiene la poblaci\u00f3n sobre el Instituto Armado, as\u00ed como denostar a los integrantes de la D.O. y su base social\u201d.<\/p>\n\n\n\n<p>Adem\u00e1s de este esfuerzo, el \u00e1rea de Comunicaci\u00f3n Social del instituto armado tambi\u00e9n lleva a cabo trabajos oficiales en las redes sociales y mantiene activas cuentas en Facebook, Twitter, Instagram, TikTok y Youtube, en donde realizan un rango de entre 50 y 60 publicaciones diarias, a las que le dan un puntual seguimiento de las reacciones de los seguidores, e informan a la titularidad del \u00e1rea de contrainteligencia (S2), quien como parte de sus funciones de \u201cciberseguridad\u201d, analiza diariamente el contenido de los comentarios, para catalogarlos como positivos o negativos.<\/p>\n\n\n\n<p>FOTOS PROHIBIDAS<\/p>\n\n\n\n<p>Uno de esos correos que prendi\u00f3 las alarmas de las actividades de la \u201cciberdefensa\u201d fueron las fotograf\u00edas que se enviaron por medio de Whatsapp el 21 de septiembre de 2020, en las que aparece una mujer modelando y a sus espaldas un avi\u00f3n de la Fuerza A\u00e9rea mexicana.&nbsp;\u201cUrgente Ubicar el sitio en donde fueron tomadas as\u00ed como la persona que aparece en ellas y el responsable de haber permitido que se tomaran. Informaci\u00f3n requerida por J5\u201d, se se\u00f1ala en el correo.<\/p>\n\n\n\n<p>La intercepci\u00f3n de las comunicaciones personales de los miembros de las fuerzas armadas parece ser algo com\u00fan, ya que muchos de los correctivos que se se\u00f1alan, y los encargos que se le hace a la c\u00e9lula de contrainteligencia, provienen de detecciones de fotograf\u00edas que se comparten a trav\u00e9s del programa de mensajer\u00eda Whatsapp.&nbsp;<\/p>\n\n\n\n<p>En los archivos obtenidos por Guacamaya, abundan las c\u00e9dulas en Excel con registros telef\u00f3nicos de entrada y salida, con posiciones georreferenciadas y solo en contadas ocasiones cuentan con la leyenda \u201cse obtuvo autorizaci\u00f3n\u201d.<\/p>\n\n\n\n<p>Informaci\u00f3n del sitio \u201cEme Equis\u201d:<\/p>\n\n\n\n<figure class=\"wp-block-embed\"><div class=\"wp-block-embed__wrapper\">\nhttps:\/\/www.m-x.com.mx\/guacamaya-leaks\/mision-tiktok-sedena-encarga-a-sus-efectivos-luchar-en-las-redes-sociales\n<\/div><\/figure>\n","protected":false},"excerpt":{"rendered":"<p>Redacci\u00f3n\/Zona Roja Cdmx. Ciudad de M\u00e9xico, a 8 de octubre de 2022.- Desde el 8&hellip;<\/p>\n","protected":false},"author":2,"featured_media":46681,"comment_status":"closed","ping_status":"open","sticky":false,"template":"","format":"standard","meta":{"_lmt_disableupdate":"","_lmt_disable":"","_jetpack_memberships_contains_paid_content":false,"footnotes":""},"categories":[109,47],"tags":[725],"class_list":["post-46680","post","type-post","status-publish","format-standard","has-post-thumbnail","hentry","category-minuto-a-minuto","category-zona-gris","tag-secretaria-de-la-defensa-nacional-sedena"],"jetpack_featured_media_url":"https:\/\/zonaroja.com.mx\/wp-content\/uploads\/2022\/10\/Sedena-Redes-Sociales.png","jetpack_sharing_enabled":true,"_links":{"self":[{"href":"https:\/\/zonaroja.com.mx\/index.php?rest_route=\/wp\/v2\/posts\/46680","targetHints":{"allow":["GET"]}}],"collection":[{"href":"https:\/\/zonaroja.com.mx\/index.php?rest_route=\/wp\/v2\/posts"}],"about":[{"href":"https:\/\/zonaroja.com.mx\/index.php?rest_route=\/wp\/v2\/types\/post"}],"author":[{"embeddable":true,"href":"https:\/\/zonaroja.com.mx\/index.php?rest_route=\/wp\/v2\/users\/2"}],"replies":[{"embeddable":true,"href":"https:\/\/zonaroja.com.mx\/index.php?rest_route=%2Fwp%2Fv2%2Fcomments&post=46680"}],"version-history":[{"count":1,"href":"https:\/\/zonaroja.com.mx\/index.php?rest_route=\/wp\/v2\/posts\/46680\/revisions"}],"predecessor-version":[{"id":46682,"href":"https:\/\/zonaroja.com.mx\/index.php?rest_route=\/wp\/v2\/posts\/46680\/revisions\/46682"}],"wp:featuredmedia":[{"embeddable":true,"href":"https:\/\/zonaroja.com.mx\/index.php?rest_route=\/wp\/v2\/media\/46681"}],"wp:attachment":[{"href":"https:\/\/zonaroja.com.mx\/index.php?rest_route=%2Fwp%2Fv2%2Fmedia&parent=46680"}],"wp:term":[{"taxonomy":"category","embeddable":true,"href":"https:\/\/zonaroja.com.mx\/index.php?rest_route=%2Fwp%2Fv2%2Fcategories&post=46680"},{"taxonomy":"post_tag","embeddable":true,"href":"https:\/\/zonaroja.com.mx\/index.php?rest_route=%2Fwp%2Fv2%2Ftags&post=46680"}],"curies":[{"name":"wp","href":"https:\/\/api.w.org\/{rel}","templated":true}]}}