{"id":4669,"date":"2019-10-09T08:58:34","date_gmt":"2019-10-09T13:58:34","guid":{"rendered":"http:\/\/www.zonaroja.com.mx\/?p=4669"},"modified":"2019-10-09T08:58:38","modified_gmt":"2019-10-09T13:58:38","slug":"oaxaquenas-participaran-en-el-festival-internacional-de-cine-de-morelia","status":"publish","type":"post","link":"https:\/\/zonaroja.com.mx\/?p=4669","title":{"rendered":"Oaxaque\u00f1as participar\u00e1n en el Festival Internacional de Cine de Morelia"},"content":{"rendered":"\n<p>Evlin\nArag\u00f3n\/Zona Roja.<\/p>\n\n\n\n<p>Oaxaca\nde Ju\u00e1rez, Oax., 9 de octubre de 2019.- \u00c1ngeles Cruz, Luna Mar\u00e1n, Yolanda Cruz,\nIngrid Eunice Fabi\u00e1n Gonz\u00e1lez, Dinazar Urbina Mata, son las cinco oaxaque\u00f1as\nque participaran este a\u00f1o en el Foro \u201cCineastas ind\u00edgenas mexicanas: identidad\ny nuevas narrativas\u201d, en el Festival Internacional de Cine de Morelia (FICM),\nque se llevar\u00e1 a cabo a finales de este mes.<\/p>\n\n\n\n<p>Las\noaxaque\u00f1as, junto con otras cinco cineastas, reflexionar\u00e1n sobre t\u00f3picos de\ninter\u00e9s com\u00fan como la diversidad, la identidad, la equidad de g\u00e9nero, los retos\nde la producci\u00f3n cinematogr\u00e1fica y audiovisual, as\u00ed como la perspectiva y las\nnuevas formas narrativas en la producci\u00f3n creativa de las mujeres cineastas\nind\u00edgenas, de acuerdo con el Comit\u00e9 Organizador.<\/p>\n\n\n\n<p>Independientemente\nde las charlas que se desarrollaran los d\u00edas 22 y 23 de octubre, el FICM tiene\nprogramada una tarde de exhibici\u00f3n de las pel\u00edculas de las talentosas\ncineastas, que en el caso de las oaxaque\u00f1as son: \u201cArc\u00e1ngel\u201d, \u201cT\u00edo Yim\u201d, \u201cReencuentros:\n\u201c2051 migrantes\u201d, \u201cGente de mar y viento\u201d, y \u201cSiempre andamos caminando\u201d.<\/p>\n\n\n\n<p>\u201cArc\u00e1ngel\u201d,\ncortometraje dirigido por \u00c1ngeles Cruz, retrata la historia de un campesino\nque, a sus 50 a\u00f1os, enfrenta la p\u00e9rdida de la visi\u00f3n; sin embargo, antes que la\noscuridad lo alcance, tiene que encontrar un hogar para Patrocinia, una anciana\nde su comunidad que dependen totalmente de \u00e9l.<\/p>\n\n\n\n<p>La\nhistoria cuenta ya con varios premios internacionales y est\u00e1 nominada al Ariel\n2019 como Mejor Cortometraje de Ficci\u00f3n.<\/p>\n\n\n\n<p>\u201cT\u00edo\nYim\u201d es un retrato \u00edntimo familiar de la cineasta Luna Mar\u00e1n, que retrata la\nvida y obra de Jaime Mart\u00ednez Luna, cantautor, l\u00edder y pensador zapoteco en la\nregi\u00f3n de la Sierra de Ju\u00e1rez. \u00bfCu\u00e1ntas formas hay para decir \u201cte quiero\u201d? es\nla pregunta que de acuerdo con la realizadora se resume el documental.<\/p>\n\n\n\n<p>\u201cReencuentros:\n2051 migrantes\u201d de Yolanda Cruz, es un documental que relata la historia de\nhombres y mujeres que al migrar soportan circunstancias dif\u00edciles con la\nesperanza de encontrar una vida mejor al otro lado de la frontera, rescatando\nla historia de los dos mil 500 habitantes de Teococuilco que migraron al norte\ny fueron representados por el artista pl\u00e1stico Alejandro Santiago.<\/p>\n\n\n\n<p>\u201cGente\nde mar y viento\u201d de Ingrid Eunice Fabi\u00e1n Gonz\u00e1lez, cuenta la historia de\nhabitantes de \u00c1lvaro Obreg\u00f3n y La Venta, lugares ubicados en el Istmo de\nTehuantepec, que se han enfrentado a los proyectos e\u00f3licos en la zona; en la\nprimera localidad mantienen su rechazo a la instalaci\u00f3n de un parque y en la\nsegunda enfrentan ya las consecuencias negativas que trajo consigo.<\/p>\n\n\n\n<p>\u201cSiempre\nandamos caminando\u201d, de Dinazar Urbina Mata, cuenta la historia de tres mujeres\nde origen chatino que han tenido que dejar sus pueblos originarios para\ntrabajar en la costa de Oaxaca en los cultivos de papaya y lim\u00f3n o como\ncomerciantes, es un retrato sobre las largas traves\u00edas que las tres migrantes\ndeben hacer regularmente para subsistir.<\/p>\n\n\n\n<p>Los\ncinco documentales ya han probado su calidad al ser exhibidos en diversos\nfestivales, algunos de ellos son producciones de Ambulante M\u00e1s All\u00e1 y otros\ncuentan con el respaldo del Instituto Mexicano de Cinematograf\u00eda (IMCINE).<\/p>\n","protected":false},"excerpt":{"rendered":"<p>Evlin Arag\u00f3n\/Zona Roja. Oaxaca de Ju\u00e1rez, Oax., 9 de octubre de 2019.- \u00c1ngeles Cruz, Luna&hellip;<\/p>\n","protected":false},"author":2,"featured_media":4670,"comment_status":"closed","ping_status":"open","sticky":false,"template":"","format":"standard","meta":{"_lmt_disableupdate":"","_lmt_disable":"","_jetpack_memberships_contains_paid_content":false,"footnotes":""},"categories":[109,46],"tags":[840],"class_list":["post-4669","post","type-post","status-publish","format-standard","has-post-thumbnail","hentry","category-minuto-a-minuto","category-zona-blanca","tag-festival-internacional-de-cine-de-morelia"],"jetpack_featured_media_url":"https:\/\/zonaroja.com.mx\/wp-content\/uploads\/2019\/10\/Festival-Morelia.jpg","jetpack_sharing_enabled":true,"_links":{"self":[{"href":"https:\/\/zonaroja.com.mx\/index.php?rest_route=\/wp\/v2\/posts\/4669","targetHints":{"allow":["GET"]}}],"collection":[{"href":"https:\/\/zonaroja.com.mx\/index.php?rest_route=\/wp\/v2\/posts"}],"about":[{"href":"https:\/\/zonaroja.com.mx\/index.php?rest_route=\/wp\/v2\/types\/post"}],"author":[{"embeddable":true,"href":"https:\/\/zonaroja.com.mx\/index.php?rest_route=\/wp\/v2\/users\/2"}],"replies":[{"embeddable":true,"href":"https:\/\/zonaroja.com.mx\/index.php?rest_route=%2Fwp%2Fv2%2Fcomments&post=4669"}],"version-history":[{"count":1,"href":"https:\/\/zonaroja.com.mx\/index.php?rest_route=\/wp\/v2\/posts\/4669\/revisions"}],"predecessor-version":[{"id":4671,"href":"https:\/\/zonaroja.com.mx\/index.php?rest_route=\/wp\/v2\/posts\/4669\/revisions\/4671"}],"wp:featuredmedia":[{"embeddable":true,"href":"https:\/\/zonaroja.com.mx\/index.php?rest_route=\/wp\/v2\/media\/4670"}],"wp:attachment":[{"href":"https:\/\/zonaroja.com.mx\/index.php?rest_route=%2Fwp%2Fv2%2Fmedia&parent=4669"}],"wp:term":[{"taxonomy":"category","embeddable":true,"href":"https:\/\/zonaroja.com.mx\/index.php?rest_route=%2Fwp%2Fv2%2Fcategories&post=4669"},{"taxonomy":"post_tag","embeddable":true,"href":"https:\/\/zonaroja.com.mx\/index.php?rest_route=%2Fwp%2Fv2%2Ftags&post=4669"}],"curies":[{"name":"wp","href":"https:\/\/api.w.org\/{rel}","templated":true}]}}