{"id":46692,"date":"2022-10-08T18:16:47","date_gmt":"2022-10-08T23:16:47","guid":{"rendered":"https:\/\/www.zonaroja.com.mx\/?p=46692"},"modified":"2022-10-08T20:20:38","modified_gmt":"2022-10-09T01:20:38","slug":"nuevo-enfrentamiento-entre-xochiltepec-y-textitlan-deja-un-muerto","status":"publish","type":"post","link":"https:\/\/zonaroja.com.mx\/?p=46692","title":{"rendered":"Nuevo enfrentamiento entre Xochiltepec y Textitl\u00e1n deja un muerto"},"content":{"rendered":"\n<p>Ismael Garc\u00eda M.\/Zona Roja.&nbsp;<\/p>\n\n\n\n<p>Oaxaca de Ju\u00e1rez, a 8 de octubre de 2022.- Una persona fallecida es el saldo de un presunto enfrentamiento armado entre Santiago Xochiltepec y Santiago Textitl\u00e1n, ayer en la regi\u00f3n Sierra Sur de Oaxaca.\u00a0<\/p>\n\n\n\n<p>Supuestamente Xochiltepec atac\u00f3 a Textitl\u00e1n y \u00e9ste respondi\u00f3 a la agresi\u00f3n armado y \u00faltimo a un individuo. <\/p>\n\n\n\n<p>En un comunicado, Xochiltepec lament\u00f3 \u201cel abandono gubernamental a la Sierra Sur. Este acto no es nuevo, es com\u00fan en la administraci\u00f3n del todav\u00eda gobernador, Alejandro Murat Hinojosa, y de las administraciones del PRI\u201d.<\/p>\n\n\n\n<p>Indic\u00f3 que en lo que respecta a cuestiones agrarias, les han arrebatado m\u00e1s del 90 por ciento de su territorio, ello, \u201cdespu\u00e9s de haber ganado las sentencias con veredicto de la Suprema Corte de Justicia de la Naci\u00f3n en el a\u00f1o 2001.<\/p>\n\n\n\n<p>\u201cEn el 2002, emboscaron a nuestra gente que sal\u00eda a trabajar al aserradero de San Pedro el Alto, matando a 26 hermanos de nuestra comunidad, entre ellos a dos menores de 14 a\u00f1os, estudiantes del tercer grado de la escuela Telesecundaria. <\/p>\n\n\n\n<p>\u201cAnte esto, el gobernador Jos\u00e9 Murat Casab dijo que la causa de dicha masacre era el tr\u00e1fico ilegal de madera, lo cual es totalmente falso, ya que \u00e9l ten\u00eda conocimiento del conflicto agrario que ten\u00eda la comunidad en esos a\u00f1os y por negligencia gubernamental y por la ingobernabilidad de su administraci\u00f3n, asesinaron fr\u00eda y cruelmente a nuestros hermanos\u201d.<\/p>\n\n\n\n<p>Xochiltepec abund\u00f3 que del hecho antes narrado, la justicia nunca lleg\u00f3, y las promesas del gobernador fueron solo eso, promesas.<\/p>\n\n\n\n<p>Detall\u00f3 que en la actualidad contin\u00faa la exigencia a la cabecera municipal de recursos presupuestales y hasta mayo del a\u00f1o pasado comenzaron a entregar parte de ello.\u00a0<\/p>\n\n\n\n<p>Abund\u00f3 que en lo que se refiere al Ramo 33, en este trienio el gobierno municipal de Textitl\u00e1n recibi\u00f3 la cantidad de 31 millones de pesos, del que solo hizo participe a Xochiltepec con solo un mill\u00f3n de pesos.<\/p>\n\n\n\n<p>En su comunicado, detall\u00f3 sobre el ataque que el viernes 7 de octubre de 2022, a las seis de la ma\u00f1ana, el se\u00f1or Ernesto Calleja Guti\u00e9rrez sali\u00f3 de su domicilio en Santiago Xochiltepec a cortar le\u00f1a en el campo, pero fue atacado por Textitl\u00e1n.&nbsp;<\/p>\n\n\n\n<p>Indic\u00f3 que al momento a\u00fan no han hallado el cuerpo, por lo cual exigen se refuerce la b\u00fasqueda.&nbsp;<\/p>\n\n\n\n<p>Personal de la Fiscal\u00eda General del Estado y de la Secretar\u00eda de Seguridad P\u00fablica se encuentran en la zona. <\/p>\n","protected":false},"excerpt":{"rendered":"<p>Ismael Garc\u00eda M.\/Zona Roja.&nbsp; Oaxaca de Ju\u00e1rez, a 8 de octubre de 2022.- Una persona&hellip;<\/p>\n","protected":false},"author":2,"featured_media":46691,"comment_status":"closed","ping_status":"open","sticky":false,"template":"","format":"standard","meta":{"_lmt_disableupdate":"","_lmt_disable":"","_jetpack_memberships_contains_paid_content":false,"footnotes":""},"categories":[109,51],"tags":[2307],"class_list":["post-46692","post","type-post","status-publish","format-standard","has-post-thumbnail","hentry","category-minuto-a-minuto","category-zona-roja","tag-santiago-xochiltepec"],"jetpack_featured_media_url":"https:\/\/zonaroja.com.mx\/wp-content\/uploads\/2022\/10\/d9d6354c-1ba5-4321-8885-8b9e0c4e21e4.jpg","jetpack_sharing_enabled":true,"_links":{"self":[{"href":"https:\/\/zonaroja.com.mx\/index.php?rest_route=\/wp\/v2\/posts\/46692","targetHints":{"allow":["GET"]}}],"collection":[{"href":"https:\/\/zonaroja.com.mx\/index.php?rest_route=\/wp\/v2\/posts"}],"about":[{"href":"https:\/\/zonaroja.com.mx\/index.php?rest_route=\/wp\/v2\/types\/post"}],"author":[{"embeddable":true,"href":"https:\/\/zonaroja.com.mx\/index.php?rest_route=\/wp\/v2\/users\/2"}],"replies":[{"embeddable":true,"href":"https:\/\/zonaroja.com.mx\/index.php?rest_route=%2Fwp%2Fv2%2Fcomments&post=46692"}],"version-history":[{"count":2,"href":"https:\/\/zonaroja.com.mx\/index.php?rest_route=\/wp\/v2\/posts\/46692\/revisions"}],"predecessor-version":[{"id":46698,"href":"https:\/\/zonaroja.com.mx\/index.php?rest_route=\/wp\/v2\/posts\/46692\/revisions\/46698"}],"wp:featuredmedia":[{"embeddable":true,"href":"https:\/\/zonaroja.com.mx\/index.php?rest_route=\/wp\/v2\/media\/46691"}],"wp:attachment":[{"href":"https:\/\/zonaroja.com.mx\/index.php?rest_route=%2Fwp%2Fv2%2Fmedia&parent=46692"}],"wp:term":[{"taxonomy":"category","embeddable":true,"href":"https:\/\/zonaroja.com.mx\/index.php?rest_route=%2Fwp%2Fv2%2Fcategories&post=46692"},{"taxonomy":"post_tag","embeddable":true,"href":"https:\/\/zonaroja.com.mx\/index.php?rest_route=%2Fwp%2Fv2%2Ftags&post=46692"}],"curies":[{"name":"wp","href":"https:\/\/api.w.org\/{rel}","templated":true}]}}