{"id":46711,"date":"2022-10-09T10:38:00","date_gmt":"2022-10-09T15:38:00","guid":{"rendered":"http:\/\/www.zonaroja.com.mx\/?p=46711"},"modified":"2022-10-09T07:39:36","modified_gmt":"2022-10-09T12:39:36","slug":"van-185-muertos-en-iran-tras-rebelion-de-las-mujeres","status":"publish","type":"post","link":"https:\/\/zonaroja.com.mx\/?p=46711","title":{"rendered":"Van 185 muertos en Ir\u00e1n tras rebeli\u00f3n de las mujeres"},"content":{"rendered":"\n<p>Redacci\u00f3n\/Zona Roja Cdmx.<\/p>\n\n\n\n<p>Ciudad de M\u00e9xico, a 9 de octubre de 2022.- Ir\u00e1n vivi\u00f3 ayer una nueva jornada de pro\u00adtestas marcada por enfren\u00adtamientos y trabajadores en huelga, casi cuatro sema\u00adnas despu\u00e9s de la muerte de Mahsa Amini, que des\u00adencaden\u00f3 una ola de con\u00addenas en el mundo y una sangrienta represi\u00f3n.<\/p>\n\n\n\n<p>La ONG Iran Human Ri\u00adghts cifr\u00f3 en 185 los falle\u00adcidos, entre ellos 19 ni\u00f1os, por la represi\u00f3n de las fuer\u00adzas afines a las autoridades iran\u00edes y denunci\u00f3 el asesi\u00adnato de la manifestante de 16 a\u00f1os Sarina Esmailzadeh por una paliza de las fuerzas de seguridad.<\/p>\n\n\n\n<p>\u201cDespu\u00e9s de revisar las pruebas y hablar con testi\u00adgos presenciales y fuentes cercanas, Iran Human Ri\u00adghts confirma que Sarina ha sido v\u00edctima de un asesinato llevado a cabo por las fuer\u00adzas de seguridad del Esta\u00addo\u201d, denuncia la ONG, antes de acusar a los funcionarios iran\u00edes de intentar encubrir su muerte como un suicidio.<\/p>\n\n\n\n<p>Iran Human Rights tam\u00adbi\u00e9n pide a la comunidad internacional que investi\u00adgue la muerte de otra ma\u00adnifestante, Nika Shakarami, de 17 a\u00f1os, tras rechazar la versi\u00f3n oficial de que se ha\u00adb\u00eda ca\u00eddo de un edificio du\u00adrante las protestas.<\/p>\n\n\n\n<p>Familiares que pudieron ver el cad\u00e1ver de Shakarami cuentan con un certificado de defunci\u00f3n que especifi\u00adca como causa de la muerte \u201cm\u00faltiples golpes por un ob\u00adjeto contundente\u201d, de acuer\u00addo con la ONG.<\/p>\n\n\n\n<p>Por otra parte, ayer me\u00addios afines al r\u00e9gimen iran\u00ed informaron de la muerte de una persona \u201casesinada en los disturbios\u201d ocurridos en la ciudad de Sanandaj, en el oeste del pa\u00eds.<\/p>\n\n\n\n<p>Un video publicado en redes sociales muestra el momento en el que el hom\u00adbre, un joven, muere balea\u00addo mientras conduc\u00eda un coche. El jefe de la Polic\u00eda en la provincia de Kurdis\u00adt\u00e1n, Al\u00ed Azadi, neg\u00f3 que sus agentes fueran responsables de los disparos porque te\u00adn\u00edan material antidisturbios, no munici\u00f3n real.<\/p>\n\n\n\n<p>Las autoridades denun\u00adciaron varias muertes por disparos de armas distin\u00adtas a las utilizadas por las fuerzas de seguridad y acu\u00adsaron la intervenci\u00f3n de \u201cgrupos terroristas\u201d que quieren aprovechar las pro\u00adtestas para intentar generar disturbios.<\/p>\n\n\n\n<p>Amini, una mujer kurda iran\u00ed de 22 a\u00f1os, fue dete\u00adnida el 13 de septiembre por la polic\u00eda de la moral en Te\u00adher\u00e1n por supuestamente no respetar el estricto c\u00f3\u00addigo de vestimenta para las mujeres en Ir\u00e1n, que les obliga a llevar el velo, y mu\u00adri\u00f3 tres d\u00edas despu\u00e9s en un hospital.<\/p>\n\n\n\n<p>El informe de la Organi\u00adzaci\u00f3n M\u00e9dico Legal iran\u00ed, que afirma que Amini muri\u00f3 por enfermedad, no logr\u00f3 aplacar las protestas.<\/p>\n\n\n\n<p>En las escuelas, alumnas se quitaron el velo ante la revisi\u00f3n, por parte de au\u00adtoridades, del c\u00f3digo de vestimenta.<\/p>\n\n\n\n<p>(Informaci\u00f3n de agencias internacionales en \u201cExc\u00e9lsior\u201d)<\/p>\n","protected":false},"excerpt":{"rendered":"<p>Redacci\u00f3n\/Zona Roja Cdmx. Ciudad de M\u00e9xico, a 9 de octubre de 2022.- Ir\u00e1n vivi\u00f3 ayer&hellip;<\/p>\n","protected":false},"author":2,"featured_media":46712,"comment_status":"closed","ping_status":"open","sticky":false,"template":"","format":"standard","meta":{"_lmt_disableupdate":"","_lmt_disable":"","_jetpack_memberships_contains_paid_content":false,"footnotes":""},"categories":[109,47],"tags":[],"class_list":["post-46711","post","type-post","status-publish","format-standard","has-post-thumbnail","hentry","category-minuto-a-minuto","category-zona-gris"],"jetpack_featured_media_url":"https:\/\/zonaroja.com.mx\/wp-content\/uploads\/2022\/10\/Represion-violencia-Iran.jpeg","jetpack_sharing_enabled":true,"_links":{"self":[{"href":"https:\/\/zonaroja.com.mx\/index.php?rest_route=\/wp\/v2\/posts\/46711","targetHints":{"allow":["GET"]}}],"collection":[{"href":"https:\/\/zonaroja.com.mx\/index.php?rest_route=\/wp\/v2\/posts"}],"about":[{"href":"https:\/\/zonaroja.com.mx\/index.php?rest_route=\/wp\/v2\/types\/post"}],"author":[{"embeddable":true,"href":"https:\/\/zonaroja.com.mx\/index.php?rest_route=\/wp\/v2\/users\/2"}],"replies":[{"embeddable":true,"href":"https:\/\/zonaroja.com.mx\/index.php?rest_route=%2Fwp%2Fv2%2Fcomments&post=46711"}],"version-history":[{"count":1,"href":"https:\/\/zonaroja.com.mx\/index.php?rest_route=\/wp\/v2\/posts\/46711\/revisions"}],"predecessor-version":[{"id":46713,"href":"https:\/\/zonaroja.com.mx\/index.php?rest_route=\/wp\/v2\/posts\/46711\/revisions\/46713"}],"wp:featuredmedia":[{"embeddable":true,"href":"https:\/\/zonaroja.com.mx\/index.php?rest_route=\/wp\/v2\/media\/46712"}],"wp:attachment":[{"href":"https:\/\/zonaroja.com.mx\/index.php?rest_route=%2Fwp%2Fv2%2Fmedia&parent=46711"}],"wp:term":[{"taxonomy":"category","embeddable":true,"href":"https:\/\/zonaroja.com.mx\/index.php?rest_route=%2Fwp%2Fv2%2Fcategories&post=46711"},{"taxonomy":"post_tag","embeddable":true,"href":"https:\/\/zonaroja.com.mx\/index.php?rest_route=%2Fwp%2Fv2%2Ftags&post=46711"}],"curies":[{"name":"wp","href":"https:\/\/api.w.org\/{rel}","templated":true}]}}