{"id":46714,"date":"2022-10-09T10:45:51","date_gmt":"2022-10-09T15:45:51","guid":{"rendered":"https:\/\/www.zonaroja.com.mx\/?p=46714"},"modified":"2022-10-09T10:51:31","modified_gmt":"2022-10-09T15:51:31","slug":"asesinaron-a-balazos-a-una-persona-en-huatulco","status":"publish","type":"post","link":"https:\/\/zonaroja.com.mx\/?p=46714","title":{"rendered":"Asesinaron a balazos a una persona en Huatulco"},"content":{"rendered":"\n<p>Redacci\u00f3n\/Zona Roja. <\/p>\n\n\n\n<p>Oaxaca de Ju\u00e1rez, Oax., a 9 de octubre de 2022.- Una persona del sexo masculino fue asesinada ayer por la tarde en el municipio de Santa Mar\u00eda Huatulco. Fue alrededor de las 18:00 horas de ayer s\u00e1bado en ocurri\u00f3 el crimen en las orillas de la comunidad de La Erradura.<\/p>\n\n\n\n<p>Hasta el momento la v\u00edctima no ha sido identificada y seg\u00fan los datos preliminares, el cuerpo presenta varios disparos de arma de fuego.&nbsp;<\/p>\n\n\n\n<p>El hombre vest\u00eda un short amarillo, una playera de rayas guinda, no ten\u00eda calzados y se calcula que tiene entre 30 y 40 a\u00f1os de edad.&nbsp;<\/p>\n\n\n\n<p>La Vicefiscal\u00eda Regional de la Costa inici\u00f3 las investigaciones correspondientes y traslad\u00f3 el cuerpo a un anfiteatro, en rato se localiza a sus familiares para identificarlo. <\/p>\n\n\n\n<p>Tampoco se sabe hasta ahora del m\u00f3vil del crimen y las autoridades ministeriales indagan si hubo testigos de los asesinatos. <\/p>\n","protected":false},"excerpt":{"rendered":"<p>Redacci\u00f3n\/Zona Roja. Oaxaca de Ju\u00e1rez, Oax., a 9 de octubre de 2022.- Una persona del&hellip;<\/p>\n","protected":false},"author":2,"featured_media":7486,"comment_status":"closed","ping_status":"open","sticky":false,"template":"","format":"standard","meta":{"_lmt_disableupdate":"","_lmt_disable":"","_jetpack_memberships_contains_paid_content":false,"footnotes":""},"categories":[109,51],"tags":[],"class_list":["post-46714","post","type-post","status-publish","format-standard","has-post-thumbnail","hentry","category-minuto-a-minuto","category-zona-roja"],"jetpack_featured_media_url":"https:\/\/zonaroja.com.mx\/wp-content\/uploads\/2020\/01\/Escena-del-crimen7.jpg","jetpack_sharing_enabled":true,"_links":{"self":[{"href":"https:\/\/zonaroja.com.mx\/index.php?rest_route=\/wp\/v2\/posts\/46714","targetHints":{"allow":["GET"]}}],"collection":[{"href":"https:\/\/zonaroja.com.mx\/index.php?rest_route=\/wp\/v2\/posts"}],"about":[{"href":"https:\/\/zonaroja.com.mx\/index.php?rest_route=\/wp\/v2\/types\/post"}],"author":[{"embeddable":true,"href":"https:\/\/zonaroja.com.mx\/index.php?rest_route=\/wp\/v2\/users\/2"}],"replies":[{"embeddable":true,"href":"https:\/\/zonaroja.com.mx\/index.php?rest_route=%2Fwp%2Fv2%2Fcomments&post=46714"}],"version-history":[{"count":1,"href":"https:\/\/zonaroja.com.mx\/index.php?rest_route=\/wp\/v2\/posts\/46714\/revisions"}],"predecessor-version":[{"id":46715,"href":"https:\/\/zonaroja.com.mx\/index.php?rest_route=\/wp\/v2\/posts\/46714\/revisions\/46715"}],"wp:featuredmedia":[{"embeddable":true,"href":"https:\/\/zonaroja.com.mx\/index.php?rest_route=\/wp\/v2\/media\/7486"}],"wp:attachment":[{"href":"https:\/\/zonaroja.com.mx\/index.php?rest_route=%2Fwp%2Fv2%2Fmedia&parent=46714"}],"wp:term":[{"taxonomy":"category","embeddable":true,"href":"https:\/\/zonaroja.com.mx\/index.php?rest_route=%2Fwp%2Fv2%2Fcategories&post=46714"},{"taxonomy":"post_tag","embeddable":true,"href":"https:\/\/zonaroja.com.mx\/index.php?rest_route=%2Fwp%2Fv2%2Ftags&post=46714"}],"curies":[{"name":"wp","href":"https:\/\/api.w.org\/{rel}","templated":true}]}}