{"id":46725,"date":"2022-10-10T06:52:14","date_gmt":"2022-10-10T11:52:14","guid":{"rendered":"http:\/\/www.zonaroja.com.mx\/?p=46725"},"modified":"2022-10-10T06:52:16","modified_gmt":"2022-10-10T11:52:16","slug":"asesinan-a-otra-mujer-en-oaxaca-ahora-en-san-jacinto-amilpas","status":"publish","type":"post","link":"https:\/\/zonaroja.com.mx\/?p=46725","title":{"rendered":"Asesinan a otra mujer en Oaxaca, ahora en San Jacinto Amilpas"},"content":{"rendered":"\n<p>Ismael Garc\u00eda M.\/Zona Roja.<\/p>\n\n\n\n<p>Oaxaca de Ju\u00e1rez, Oax., a 10 de octubre de 2022.- Dos personas fallecidas por disparo de arma de fuego, entre ellas una mujer, y tres lesionadas, es el saldo violento de este domingo en Oaxaca.<\/p>\n\n\n\n<p>La madrugada de ayer en el municipio de San Jacinto Amilpas y en el marco de una convivencia, un sujeto sac\u00f3 su arma de fuego y dispar\u00f3 en contra de integrantes de una familia; los heridos fueron trasladados a un hospital de la ciudad de Oaxaca.<\/p>\n\n\n\n<p>Sin embargo, en el nosocomio muri\u00f3 la se\u00f1ora Susana T. M., de 40 a\u00f1os de edad, mientras a\u00fan convalecen Ulises M. M., de 45 a\u00f1os de edad, y los menores A. O. M. T., de 12 a\u00f1os, y G. T. M., de 15 a\u00f1os.<\/p>\n\n\n\n<p>Personal de la Fiscal\u00eda General del Estado de Oaxaca realiz\u00f3 las indagatorias correspondientes ayer en el domicilio ubicado en la calle Guanajuato esquina con D\u00edaz Quintas, que adem\u00e1s era un local de venta de refacciones para mototaxis.<\/p>\n\n\n\n<p>OTRO EN MAT\u00cdAS<\/p>\n\n\n\n<p>Tambi\u00e9n ayer domingo pero en el municipio de Mat\u00edas Romero Avenda\u00f1o, un ganadero fue asesinado a balazos en la comunidad de La Cumbre.<\/p>\n\n\n\n<p>El hoy occiso a\u00fan no identificado, se encontraba a la orilla de la carretera Trans\u00edstmica en el interior de su unidad de motor, tipo Escalade, cuando arribaron sujetos armados y le dispararon.<\/p>\n","protected":false},"excerpt":{"rendered":"<p>Ismael Garc\u00eda M.\/Zona Roja. Oaxaca de Ju\u00e1rez, Oax., a 10 de octubre de 2022.- Dos&hellip;<\/p>\n","protected":false},"author":2,"featured_media":34292,"comment_status":"closed","ping_status":"open","sticky":false,"template":"","format":"standard","meta":{"_lmt_disableupdate":"","_lmt_disable":"","_jetpack_memberships_contains_paid_content":false,"footnotes":""},"categories":[109,51],"tags":[77],"class_list":["post-46725","post","type-post","status-publish","format-standard","has-post-thumbnail","hentry","category-minuto-a-minuto","category-zona-roja","tag-san-jacinto-amilpas"],"jetpack_featured_media_url":"https:\/\/zonaroja.com.mx\/wp-content\/uploads\/2021\/11\/Mujer-asesinada-feminicidio-violencia-3.jpg","jetpack_sharing_enabled":true,"_links":{"self":[{"href":"https:\/\/zonaroja.com.mx\/index.php?rest_route=\/wp\/v2\/posts\/46725","targetHints":{"allow":["GET"]}}],"collection":[{"href":"https:\/\/zonaroja.com.mx\/index.php?rest_route=\/wp\/v2\/posts"}],"about":[{"href":"https:\/\/zonaroja.com.mx\/index.php?rest_route=\/wp\/v2\/types\/post"}],"author":[{"embeddable":true,"href":"https:\/\/zonaroja.com.mx\/index.php?rest_route=\/wp\/v2\/users\/2"}],"replies":[{"embeddable":true,"href":"https:\/\/zonaroja.com.mx\/index.php?rest_route=%2Fwp%2Fv2%2Fcomments&post=46725"}],"version-history":[{"count":1,"href":"https:\/\/zonaroja.com.mx\/index.php?rest_route=\/wp\/v2\/posts\/46725\/revisions"}],"predecessor-version":[{"id":46726,"href":"https:\/\/zonaroja.com.mx\/index.php?rest_route=\/wp\/v2\/posts\/46725\/revisions\/46726"}],"wp:featuredmedia":[{"embeddable":true,"href":"https:\/\/zonaroja.com.mx\/index.php?rest_route=\/wp\/v2\/media\/34292"}],"wp:attachment":[{"href":"https:\/\/zonaroja.com.mx\/index.php?rest_route=%2Fwp%2Fv2%2Fmedia&parent=46725"}],"wp:term":[{"taxonomy":"category","embeddable":true,"href":"https:\/\/zonaroja.com.mx\/index.php?rest_route=%2Fwp%2Fv2%2Fcategories&post=46725"},{"taxonomy":"post_tag","embeddable":true,"href":"https:\/\/zonaroja.com.mx\/index.php?rest_route=%2Fwp%2Fv2%2Ftags&post=46725"}],"curies":[{"name":"wp","href":"https:\/\/api.w.org\/{rel}","templated":true}]}}