{"id":46727,"date":"2022-10-10T07:32:12","date_gmt":"2022-10-10T12:32:12","guid":{"rendered":"http:\/\/www.zonaroja.com.mx\/?p=46727"},"modified":"2022-10-10T07:32:13","modified_gmt":"2022-10-10T12:32:13","slug":"encarcelan-a-una-mujer-en-oaxaca-y-le-impiden-participar-en-elecciones","status":"publish","type":"post","link":"https:\/\/zonaroja.com.mx\/?p=46727","title":{"rendered":"Encarcelan a una mujer en Oaxaca y le impiden participar en elecciones"},"content":{"rendered":"\n<p>Ismael Garc\u00eda M.\/Zona Roja.<\/p>\n\n\n\n<p>Oaxaca de Ju\u00e1rez, Oax., a 10 de octubre de 2022.- Una mujer fue detenida y encerrada en la c\u00e1rcel local de la comunidad La Trinidad, Santiago Yaveo, municipio de la regi\u00f3n Cuenca de Oaxaca, para impedirle participar en la elecci\u00f3n de autoridades.<\/p>\n\n\n\n<p>De acuerdo con los reportes en la regi\u00f3n, se trata de Essica V\u00e1zquez Rumualdo, quien pretend\u00eda participar en la contienda por la planilla \u201cDorada\u201d como regidora.<\/p>\n\n\n\n<p>Seg\u00fan la denuncia, fueron integrantes de la Uni\u00f3n General Obrero Campesino Popular (UGOCP) quienes ordenaron que fuera privada de la libertad para impedirle su derecho a votar y ser votada.<\/p>\n\n\n\n<p>Se\u00f1alan de manera directa al postulado de la planilla \u201cNaranja\u201d, Emesio Mestas, as\u00ed como a las autoridades locales y a Gamaliel Merino Mestas de promover la detenci\u00f3n de la mujer.<\/p>\n\n\n\n<p>\u201cLos suscritos de este medio Mar\u00eda Magdalena Vicente Mauro, Mart\u00edn Morales Maldonado, e integrantes de la planilla \u2018Dorada\u2019, informamos que rechazamos en\u00e9rgicamente las publicaciones y discursos de desacreditaci\u00f3n divulgada por los compa\u00f1eros de la planilla \u2018Naranja\u2019, el C. Timoteo Vasquez Pazos, no tiene absolutamente nada que ver ni interferir en los proyecto de la planilla \u00b4Dorada\u2019, nosotros fuimos electos de manera democr\u00e1tica en asambleas comunitarias de nuestros pueblos\u201d, se\u00f1alaron en un comunicado.<\/p>\n\n\n\n<p>Previo a encerrarla por m\u00e1s de 24 horas, a la mujer la hicieron caminar por m\u00e1s de un kil\u00f3metro, con burlas y vejaciones, se\u00f1alaron. Hasta el momento el Gobierno del Estado de Oaxaca no ha emitido ninguna informaci\u00f3n al respecto.<\/p>\n","protected":false},"excerpt":{"rendered":"<p>Ismael Garc\u00eda M.\/Zona Roja. Oaxaca de Ju\u00e1rez, Oax., a 10 de octubre de 2022.- Una&hellip;<\/p>\n","protected":false},"author":2,"featured_media":46732,"comment_status":"closed","ping_status":"open","sticky":false,"template":"","format":"standard","meta":{"_lmt_disableupdate":"","_lmt_disable":"","_jetpack_memberships_contains_paid_content":false,"footnotes":""},"categories":[109,47],"tags":[3259],"class_list":["post-46727","post","type-post","status-publish","format-standard","has-post-thumbnail","hentry","category-minuto-a-minuto","category-zona-gris","tag-santiago-yaveo"],"jetpack_featured_media_url":"https:\/\/zonaroja.com.mx\/wp-content\/uploads\/2022\/10\/Retenida-en-Santiago-Yaveo.jpg","jetpack_sharing_enabled":true,"_links":{"self":[{"href":"https:\/\/zonaroja.com.mx\/index.php?rest_route=\/wp\/v2\/posts\/46727","targetHints":{"allow":["GET"]}}],"collection":[{"href":"https:\/\/zonaroja.com.mx\/index.php?rest_route=\/wp\/v2\/posts"}],"about":[{"href":"https:\/\/zonaroja.com.mx\/index.php?rest_route=\/wp\/v2\/types\/post"}],"author":[{"embeddable":true,"href":"https:\/\/zonaroja.com.mx\/index.php?rest_route=\/wp\/v2\/users\/2"}],"replies":[{"embeddable":true,"href":"https:\/\/zonaroja.com.mx\/index.php?rest_route=%2Fwp%2Fv2%2Fcomments&post=46727"}],"version-history":[{"count":1,"href":"https:\/\/zonaroja.com.mx\/index.php?rest_route=\/wp\/v2\/posts\/46727\/revisions"}],"predecessor-version":[{"id":46733,"href":"https:\/\/zonaroja.com.mx\/index.php?rest_route=\/wp\/v2\/posts\/46727\/revisions\/46733"}],"wp:featuredmedia":[{"embeddable":true,"href":"https:\/\/zonaroja.com.mx\/index.php?rest_route=\/wp\/v2\/media\/46732"}],"wp:attachment":[{"href":"https:\/\/zonaroja.com.mx\/index.php?rest_route=%2Fwp%2Fv2%2Fmedia&parent=46727"}],"wp:term":[{"taxonomy":"category","embeddable":true,"href":"https:\/\/zonaroja.com.mx\/index.php?rest_route=%2Fwp%2Fv2%2Fcategories&post=46727"},{"taxonomy":"post_tag","embeddable":true,"href":"https:\/\/zonaroja.com.mx\/index.php?rest_route=%2Fwp%2Fv2%2Ftags&post=46727"}],"curies":[{"name":"wp","href":"https:\/\/api.w.org\/{rel}","templated":true}]}}