{"id":46736,"date":"2022-10-10T10:04:00","date_gmt":"2022-10-10T15:04:00","guid":{"rendered":"http:\/\/www.zonaroja.com.mx\/?p=46736"},"modified":"2022-10-10T08:07:09","modified_gmt":"2022-10-10T13:07:09","slug":"zacatecas-ademas-de-fuga-de-reos-ahora-sicarios-atacan-a-siete-personas","status":"publish","type":"post","link":"https:\/\/zonaroja.com.mx\/?p=46736","title":{"rendered":"Zacatecas: adem\u00e1s de fuga de reos, ahora sicarios atacan a siete personas"},"content":{"rendered":"\n<p>Redacci\u00f3n\/Zona Roja Cdmx.<\/p>\n\n\n\n<p>Ciudad de M\u00e9xico, a 10 de octubre de 2022.- La ola de violencia contin\u00faa su azote por Zacatecas, luego que en el municipio de Villanueva se reportara una nueva balacera donde siete personas resultaron agredidas.<\/p>\n\n\n\n<p>El suceso se registr\u00f3 alrededor de las 18:00 horas del domingo 9 de octubre, cuando un comando armado arrib\u00f3 a las afueras de un expendio de bebidas alcoh\u00f3licas de la comunidad El Fuerte, para despu\u00e9s abrir fuego contra los presentes sin mediar palabra.<\/p>\n\n\n\n<p>Seg\u00fan lo confirmado por la Vocer\u00eda de la Mesa Estatal de Construcci\u00f3n de Paz estatal, el crimen provoc\u00f3 la muerte de tres personas: dos de ellas fallecieron en el lugar, mientras que la tercera perdi\u00f3 la vida rumbo al hospital donde recibir\u00eda la atenci\u00f3n m\u00e9dica.<\/p>\n\n\n\n<p>En tanto, las cuatro v\u00edctimas restantes fueron seriamente lesionadas y trasladadas a distintos hospitales. De acuerdo con reportes extraoficiales, fueron los propios familiares y conocidos quienes llevaron a los heridos a las unidades m\u00e9dicas; personal de \u00e9stas indic\u00f3 que arribaron inconscientes.<\/p>\n\n\n\n<p>De ah\u00ed que cuando autoridades de la Fiscal\u00eda General del Estado (FGE) llevaron a cabo los protocolos correspondientes, en el lugar ya s\u00f3lo se encontraban las dos v\u00edctimas mortales tendidas en el suelo, al pie de la carretera federal 54.<\/p>\n\n\n\n<p>Por su parte, cuerpos de seguridad desplegaron operativos por cielo y tierra a fin de dar con los responsables. Sin embargo, \u00e9stos lograron darse a la fuga y hasta el momento se desconocen sus identidades o posible grupo delincuencial al que pudieran pertenecer.<\/p>\n\n\n\n<p>Medios locales destacaron que a pocos kil\u00f3metros del lugar de la agresi\u00f3n se encontraba un puesto de control de la Guardia Nacional (GN), pero, afirmaron, sus elementos s\u00f3lo hicieron presencia en los trabajos de levantamiento de cuerpo.<\/p>\n\n\n\n<p>El municipio de Villanueva se encuentra a poco m\u00e1s de 50 kil\u00f3metros de Cieneguillas, demarcaci\u00f3n donde un d\u00eda antes, 8 de octubre, se report\u00f3 la fuga de al menos siete reos del Centro de Reinserci\u00f3n Social (Cereso) a plena luz del d\u00eda. Incluso, se presume que la carretera federal 54 (en la que suscit\u00f3 el ataque del expendio) fue una de las rutas de escape de los fugitivos.<\/p>\n\n\n\n<p>El 8 de octubre pasado, la seguridad del penal de Cieneguillas fue vulnerada luego que siete reos escaparan de las instalaciones sin que las autoridades pudieran frenarlos.<\/p>\n\n\n\n<p>De acuerdo con reportes iniciales,&nbsp;las personas privadas de la libertad se fugaron por uno de los muros&nbsp;del Centro de Reinserci\u00f3n Social, luego que&nbsp;parte de la pared fue derrumbada con un veh\u00edculo, el cual fue abandonado e incendiado en un campo de cultivo cercano.<\/p>\n\n\n\n<p>De acuerdo con un comunicado de la&nbsp;Mesa Estatal de Construcci\u00f3n de Paz de Zacatecas, las personas que evadieron la prisi\u00f3n son originarios de&nbsp;Zacatecas&nbsp;(5),&nbsp;Durango&nbsp;(1) y&nbsp;Veracruz&nbsp;(1), los cuales se encontraban purgando condenas por delitos del fuero federal y fuero com\u00fan.<\/p>\n\n\n\n<p>El&nbsp;Cereso de Cieneguillas&nbsp;ha registrado diversas irregularidades, ri\u00f1as, as\u00ed como otras fugas. Hace dos a\u00f1os y medio, el 6 de mayo de 2020, tambi\u00e9n escaparon 12 integrantes de una c\u00e9lula derivada de los Zetas,&nbsp;quienes elaboraron un t\u00fanel clandestino.<\/p>\n\n\n\n<p>(Informaci\u00f3n de Infobae M\u00e9xico)<\/p>\n","protected":false},"excerpt":{"rendered":"<p>Redacci\u00f3n\/Zona Roja Cdmx. Ciudad de M\u00e9xico, a 10 de octubre de 2022.- La ola de&hellip;<\/p>\n","protected":false},"author":2,"featured_media":46737,"comment_status":"closed","ping_status":"open","sticky":false,"template":"","format":"standard","meta":{"_lmt_disableupdate":"","_lmt_disable":"","_jetpack_memberships_contains_paid_content":false,"footnotes":""},"categories":[109,47],"tags":[],"class_list":["post-46736","post","type-post","status-publish","format-standard","has-post-thumbnail","hentry","category-minuto-a-minuto","category-zona-gris"],"jetpack_featured_media_url":"https:\/\/zonaroja.com.mx\/wp-content\/uploads\/2022\/10\/Fuga-reos-Zacatecas.jpeg","jetpack_sharing_enabled":true,"_links":{"self":[{"href":"https:\/\/zonaroja.com.mx\/index.php?rest_route=\/wp\/v2\/posts\/46736","targetHints":{"allow":["GET"]}}],"collection":[{"href":"https:\/\/zonaroja.com.mx\/index.php?rest_route=\/wp\/v2\/posts"}],"about":[{"href":"https:\/\/zonaroja.com.mx\/index.php?rest_route=\/wp\/v2\/types\/post"}],"author":[{"embeddable":true,"href":"https:\/\/zonaroja.com.mx\/index.php?rest_route=\/wp\/v2\/users\/2"}],"replies":[{"embeddable":true,"href":"https:\/\/zonaroja.com.mx\/index.php?rest_route=%2Fwp%2Fv2%2Fcomments&post=46736"}],"version-history":[{"count":1,"href":"https:\/\/zonaroja.com.mx\/index.php?rest_route=\/wp\/v2\/posts\/46736\/revisions"}],"predecessor-version":[{"id":46738,"href":"https:\/\/zonaroja.com.mx\/index.php?rest_route=\/wp\/v2\/posts\/46736\/revisions\/46738"}],"wp:featuredmedia":[{"embeddable":true,"href":"https:\/\/zonaroja.com.mx\/index.php?rest_route=\/wp\/v2\/media\/46737"}],"wp:attachment":[{"href":"https:\/\/zonaroja.com.mx\/index.php?rest_route=%2Fwp%2Fv2%2Fmedia&parent=46736"}],"wp:term":[{"taxonomy":"category","embeddable":true,"href":"https:\/\/zonaroja.com.mx\/index.php?rest_route=%2Fwp%2Fv2%2Fcategories&post=46736"},{"taxonomy":"post_tag","embeddable":true,"href":"https:\/\/zonaroja.com.mx\/index.php?rest_route=%2Fwp%2Fv2%2Ftags&post=46736"}],"curies":[{"name":"wp","href":"https:\/\/api.w.org\/{rel}","templated":true}]}}