{"id":46739,"date":"2022-10-10T08:10:41","date_gmt":"2022-10-10T13:10:41","guid":{"rendered":"http:\/\/www.zonaroja.com.mx\/?p=46739"},"modified":"2022-10-10T08:10:43","modified_gmt":"2022-10-10T13:10:43","slug":"reportan-los-sso-disminucion-del-24-de-casos-de-covid-19","status":"publish","type":"post","link":"https:\/\/zonaroja.com.mx\/?p=46739","title":{"rendered":"Reportan los SSO disminuci\u00f3n del 24% de casos de Covid-19"},"content":{"rendered":"\n<p>Redacci\u00f3n\/Zona Roja.<\/p>\n\n\n\n<p>Oaxaca de Ju\u00e1rez, Oax., a 10 de octubre de 2022.- Los Servicios de Salud de Oaxaca (SSO) informan que, durante el per\u00edodo comprendido del 2 al 8 de octubre la entidad registr\u00f3 un acumulado de 149 mil 676 casos confirmados del virus SARS-CoV-2, de los cuales 109 se contabilizaron en estos \u00faltimos siete d\u00edas, lo que representa una disminuci\u00f3n del 24% en comparaci\u00f3n a los 143 contabilizados la semana anterior.<\/p>\n\n\n\n<p>Mientras que el global de defunciones desde el inicio de la pandemia a la fecha es de 6 mil 341. En tanto, en el per\u00edodo que se informa se notificaron dos lamentables decesos a causa de esta patolog\u00eda respiratoria. Y el promedio semanal de ocupaci\u00f3n hospitalaria fue de 8.2%.<\/p>\n\n\n\n<p>La instituci\u00f3n, dijo que es importante que en todo tiempo continuemos implementado con disciplina las medidas sanitarias vigentes para evitar un incremento de contagios como son: el uso correcto del cubrebocas, el lavado de manos frecuente con agua y jab\u00f3n, mantener la sana distancia, as\u00ed como priorizar los espacios abiertos y con buena ventilaci\u00f3n.<\/p>\n\n\n\n<p>De igual forma, exhort\u00f3 a la poblaci\u00f3n a acudir a vacunarse cuando corresponda y estar al pendiente de los puntos activos de vacunaci\u00f3n del sector Salud.<\/p>\n\n\n\n<p>Detall\u00f3 que, el autocuidado es responsabilidad de todas y todos, \u00abAy\u00fadanos a frenar la enfermedad\u00bb.<\/p>\n\n\n\n<p>(Comunicado)<\/p>\n","protected":false},"excerpt":{"rendered":"<p>Redacci\u00f3n\/Zona Roja. Oaxaca de Ju\u00e1rez, Oax., a 10 de octubre de 2022.- Los Servicios de&hellip;<\/p>\n","protected":false},"author":2,"featured_media":46740,"comment_status":"closed","ping_status":"open","sticky":false,"template":"","format":"standard","meta":{"_lmt_disableupdate":"","_lmt_disable":"","_jetpack_memberships_contains_paid_content":false,"footnotes":""},"categories":[109,47],"tags":[1512],"class_list":["post-46739","post","type-post","status-publish","format-standard","has-post-thumbnail","hentry","category-minuto-a-minuto","category-zona-gris","tag-coronavirus-oaxaca"],"jetpack_featured_media_url":"https:\/\/zonaroja.com.mx\/wp-content\/uploads\/2022\/10\/Casos-Covid-Oaxaca.jpeg","jetpack_sharing_enabled":true,"_links":{"self":[{"href":"https:\/\/zonaroja.com.mx\/index.php?rest_route=\/wp\/v2\/posts\/46739","targetHints":{"allow":["GET"]}}],"collection":[{"href":"https:\/\/zonaroja.com.mx\/index.php?rest_route=\/wp\/v2\/posts"}],"about":[{"href":"https:\/\/zonaroja.com.mx\/index.php?rest_route=\/wp\/v2\/types\/post"}],"author":[{"embeddable":true,"href":"https:\/\/zonaroja.com.mx\/index.php?rest_route=\/wp\/v2\/users\/2"}],"replies":[{"embeddable":true,"href":"https:\/\/zonaroja.com.mx\/index.php?rest_route=%2Fwp%2Fv2%2Fcomments&post=46739"}],"version-history":[{"count":1,"href":"https:\/\/zonaroja.com.mx\/index.php?rest_route=\/wp\/v2\/posts\/46739\/revisions"}],"predecessor-version":[{"id":46741,"href":"https:\/\/zonaroja.com.mx\/index.php?rest_route=\/wp\/v2\/posts\/46739\/revisions\/46741"}],"wp:featuredmedia":[{"embeddable":true,"href":"https:\/\/zonaroja.com.mx\/index.php?rest_route=\/wp\/v2\/media\/46740"}],"wp:attachment":[{"href":"https:\/\/zonaroja.com.mx\/index.php?rest_route=%2Fwp%2Fv2%2Fmedia&parent=46739"}],"wp:term":[{"taxonomy":"category","embeddable":true,"href":"https:\/\/zonaroja.com.mx\/index.php?rest_route=%2Fwp%2Fv2%2Fcategories&post=46739"},{"taxonomy":"post_tag","embeddable":true,"href":"https:\/\/zonaroja.com.mx\/index.php?rest_route=%2Fwp%2Fv2%2Ftags&post=46739"}],"curies":[{"name":"wp","href":"https:\/\/api.w.org\/{rel}","templated":true}]}}