{"id":46747,"date":"2022-10-10T11:40:14","date_gmt":"2022-10-10T16:40:14","guid":{"rendered":"https:\/\/www.zonaroja.com.mx\/?p=46747"},"modified":"2022-10-10T11:40:16","modified_gmt":"2022-10-10T16:40:16","slug":"descartan-secuestro-o-levanton-de-adolescente-en-huajuapan-se-habria-fugado","status":"publish","type":"post","link":"https:\/\/zonaroja.com.mx\/?p=46747","title":{"rendered":"Descartan secuestro o \u201clevant\u00f3n\u201d de adolescente en Huajuapan; se habr\u00eda fugado"},"content":{"rendered":"\n<p>Redacci\u00f3n\/RA Noticias. <\/p>\n\n\n\n<p>Oaxaca de Ju\u00e1rez, Oax., a 10 de octubre de 2022.- El caso de Alinne Andrea Rend\u00f3n Espinoza de 12 a\u00f1os de edad, reportada como desaparecida en el municipio de Huajuapan de Le\u00f3n desde hace cinco d\u00edas, abri\u00f3 nuevas l\u00edneas de investigaci\u00f3n que descartan secuestro o \u201clevant\u00f3n\u00bb.<\/p>\n\n\n\n<p>La menor &nbsp;ten\u00eda que llegar a la escuela secundaria \u00abBenito Ju\u00e1rez Garc\u00eda\u00bb la ma\u00f1ana del mi\u00e9rcoles, pero ya no entr\u00f3, tras ser abordada supuestamente por dos personas afuera de esta instituci\u00f3n ubicada en la colonia del Maestro de ese municipio.<\/p>\n\n\n\n<p>Tras estos hechos, los padres de la menor comenzaron a buscarla y revisaron c\u00e1maras de seguridad que hab\u00eda alrededor de la escuela.<\/p>\n\n\n\n<p>En su desesperaci\u00f3n acusan que fueron enga\u00f1ados por la colectiva feminista Marea Verde, quienes manten\u00edan otro tipo de protesta en el lugar, y al ver esta alerta se sumaron pero para \u00abllamar la atenci\u00f3n\u00bb, por lo que la familia se deslinda de este grupo de mujeres.<\/p>\n\n\n\n<p>A cinco d\u00edas de las investigaciones, se abren nuevas l\u00edneas de acuerdo con las autoridades, quienes descartan secuestro o \u201clevant\u00f3n\u201d, pero para &nbsp;no entorpecer los trabajos, se limitaron a responder que el hecho se coordinada &nbsp;junto con los padres, no obstante, informar\u00e1n en su momento m\u00e1s detalles.<\/p>\n\n\n\n<p>Por su parte, el padre de la menor, Rafael Rend\u00f3n P\u00e9rez,  ha destacado la ayuda que ha recibido de la Fiscal\u00eda General de Oaxaca, por lo que conf\u00eda en que pronto tendr\u00e1 noticias de su hija, que se presume se fug\u00f3 a otro estado con una persona del sexo masculino. <\/p>\n","protected":false},"excerpt":{"rendered":"<p>Redacci\u00f3n\/RA Noticias. Oaxaca de Ju\u00e1rez, Oax., a 10 de octubre de 2022.- El caso de&hellip;<\/p>\n","protected":false},"author":2,"featured_media":46746,"comment_status":"closed","ping_status":"open","sticky":false,"template":"","format":"standard","meta":{"_lmt_disableupdate":"","_lmt_disable":"","_jetpack_memberships_contains_paid_content":false,"footnotes":""},"categories":[109,47],"tags":[],"class_list":["post-46747","post","type-post","status-publish","format-standard","has-post-thumbnail","hentry","category-minuto-a-minuto","category-zona-gris"],"jetpack_featured_media_url":"https:\/\/zonaroja.com.mx\/wp-content\/uploads\/2022\/10\/img_9697.jpg","jetpack_sharing_enabled":true,"_links":{"self":[{"href":"https:\/\/zonaroja.com.mx\/index.php?rest_route=\/wp\/v2\/posts\/46747","targetHints":{"allow":["GET"]}}],"collection":[{"href":"https:\/\/zonaroja.com.mx\/index.php?rest_route=\/wp\/v2\/posts"}],"about":[{"href":"https:\/\/zonaroja.com.mx\/index.php?rest_route=\/wp\/v2\/types\/post"}],"author":[{"embeddable":true,"href":"https:\/\/zonaroja.com.mx\/index.php?rest_route=\/wp\/v2\/users\/2"}],"replies":[{"embeddable":true,"href":"https:\/\/zonaroja.com.mx\/index.php?rest_route=%2Fwp%2Fv2%2Fcomments&post=46747"}],"version-history":[{"count":1,"href":"https:\/\/zonaroja.com.mx\/index.php?rest_route=\/wp\/v2\/posts\/46747\/revisions"}],"predecessor-version":[{"id":46748,"href":"https:\/\/zonaroja.com.mx\/index.php?rest_route=\/wp\/v2\/posts\/46747\/revisions\/46748"}],"wp:featuredmedia":[{"embeddable":true,"href":"https:\/\/zonaroja.com.mx\/index.php?rest_route=\/wp\/v2\/media\/46746"}],"wp:attachment":[{"href":"https:\/\/zonaroja.com.mx\/index.php?rest_route=%2Fwp%2Fv2%2Fmedia&parent=46747"}],"wp:term":[{"taxonomy":"category","embeddable":true,"href":"https:\/\/zonaroja.com.mx\/index.php?rest_route=%2Fwp%2Fv2%2Fcategories&post=46747"},{"taxonomy":"post_tag","embeddable":true,"href":"https:\/\/zonaroja.com.mx\/index.php?rest_route=%2Fwp%2Fv2%2Ftags&post=46747"}],"curies":[{"name":"wp","href":"https:\/\/api.w.org\/{rel}","templated":true}]}}