{"id":46749,"date":"2022-10-10T15:21:24","date_gmt":"2022-10-10T20:21:24","guid":{"rendered":"http:\/\/www.zonaroja.com.mx\/?p=46749"},"modified":"2022-10-10T15:21:26","modified_gmt":"2022-10-10T20:21:26","slug":"denuncian-corrupcion-y-nepotismo-en-inpi-de-oaxaca-hay-omision","status":"publish","type":"post","link":"https:\/\/zonaroja.com.mx\/?p=46749","title":{"rendered":"Denuncian corrupci\u00f3n y nepotismo en INPI de Oaxaca; hay omisi\u00f3n"},"content":{"rendered":"\n<p>Yuridiana Sosa\/ Zona Roja.<\/p>\n\n\n\n<p>Oaxaca de Ju\u00e1rez, Oax., 10 de octubre de 2022.- Las denuncias por presuntos actos de corrupci\u00f3n desde el Instituto Nacional de los Pueblos Ind\u00edgenas (INPI) en Oaxaca persisten y se cobijan en el nombre del titular, el oaxaque\u00f1o Adelfo Regino Montes, quien participa en actos de nepotismo, seg\u00fan denuncian.<\/p>\n\n\n\n<p>As\u00ed lo acusaron integrantes del Sindicato Nacional de Trabajadores Indigenistas, Secci\u00f3n 14 de Ayutla Mixe, quienes expusieron p\u00fablicamente las diversas irregularidades ante la falta de atenci\u00f3n y soluci\u00f3n formal a un proceso que iniciaron desde el 2021.<\/p>\n\n\n\n<p>En conferencia de prensa, a un costado del atrio de Santo Domingo de Guzm\u00e1n de la ciudad de Oaxaca, los sindicalizados detallaron que desde la llegada de Salom\u00f3n Maximino Emeterio como jefe responsable del Centro Coordinador de los Pueblos Ind\u00edgenas de Ayutla&nbsp; en 2019, iniciaron las faltas administrativas, operativos&nbsp; y atropellos contra el personal de base.<\/p>\n\n\n\n<p>Respaldado en el dicho, de ser amigo de Adelfo Regino, Maximino Emeterio incorpor\u00f3 a personal de confianza de forma innecesaria para realizar labores que por casi 50 a\u00f1os realiz\u00f3 personal de base y erogando dos millones de pesos en n\u00f3mina integrada por sus familiares y amigos; entre el nuevo personal sobresale la mam\u00e1 del titular del INPI.<\/p>\n\n\n\n<p>Por lo que los trabajadores apuntan que desde hace tres a\u00f1os, aproximadamente, existe una mal manejo para la ejecuci\u00f3n del programa para el bienestar integral de los pueblos ind\u00edgenas, en el que adem\u00e1s, hay uso indebido de veh\u00edculos oficiales los 365 d\u00edas del a\u00f1o, de combustible y vi\u00e1ticos por parte de Salom\u00f3n Maximino.<\/p>\n\n\n\n<figure class=\"wp-block-embed is-type-rich is-provider-twitter wp-block-embed-twitter\"><div class=\"wp-block-embed__wrapper\">\n<div class=\"twitter-tweet\"><blockquote class=\"twitter-tweet\" data-lang=\"es\"><p lang=\"es\" dir=\"ltr\"><a href=\"https:\/\/twitter.com\/hashtag\/%C3%9AltimoMinuto?src=hash&amp;ref_src=twsrc%5Etfw\">#\u00daltimoMinuto<\/a><br>Corrupci\u00f3n en el <a href=\"https:\/\/twitter.com\/INPImx?ref_src=twsrc%5Etfw\">@INPImx<\/a>, que dirige el oaxaque\u00f1o <a href=\"https:\/\/twitter.com\/DEELAYUUK?ref_src=twsrc%5Etfw\">@DEELAYUUK<\/a>.<br>Nepotismos, desvi\u00f3 de recursos, desplazamiento de personal de base, entre otro se\u00f1alamientos contra el responsable en Ayutla Mixe, Salom\u00f3n Maximino Emeterio. <a href=\"https:\/\/t.co\/m7j13XbJY2\">pic.twitter.com\/m7j13XbJY2<\/a><\/p>&mdash; Zona Roja Oaxaca (@ZonaRoja_Oaxaca) <a href=\"https:\/\/twitter.com\/ZonaRoja_Oaxaca\/status\/1579492452700131328?ref_src=twsrc%5Etfw\">10 de octubre de 2022<\/a><\/blockquote><\/div>\n<\/div><\/figure>\n\n\n\n<p>Los trabajadores exigen al INPI la destituci\u00f3n del Salom\u00f3n Maximino Emeterio como jefe responsable del Centro Coordinador de los Pueblos Ind\u00edgenas de Ayutla; atender las demandas del personal y que no haya represalias por las denuncias, formal y p\u00fablica. &nbsp;<\/p>\n\n\n\n<p>DENUNCIA FORMAL<\/p>\n\n\n\n<p>Desde noviembre de 2021 la Secci\u00f3n 14 Ayutla del SNTI inici\u00f3 un proceso formal de denuncias, donde privilegiaron el di\u00e1logo con el representante de las oficinas del INPI en Oaxaca, Jer\u00f3nimo L\u00f3pez Mar\u00edn, quien no atendi\u00f3 a sus planteamientos sobre probables irregularidades.<\/p>\n\n\n\n<p>Salom\u00f3n Maximino se comprometi\u00f3 en diciembre a solucionar lo relacionado al tema del personal de confianza y el desplazamiento del personal de base de sus actividades, pero no cumpli\u00f3<\/p>\n\n\n\n<p>El 3 marzo de 2022 se present\u00f3 nuevamente la queja por escrito a L\u00f3pez Mar\u00edn, as\u00ed como las mesas de trabajo prometidas en siguientes semanas tampoco no se llevar\u00e1n a cabo.<\/p>\n\n\n\n<p>Anteriormente, en diciembre el sindicato present\u00f3 ante la Secretar\u00eda de la Funci\u00f3n P\u00fablica las denuncias por irregularidades, as\u00ed tambi\u00e9n ante el \u00d3rgano Interno de Control del INPI.<\/p>\n\n\n\n<p>En septiembre de este a\u00f1o las denuncias formales continuaron en distintas v\u00edas, sin que hasta el momento haya atenci\u00f3n.<\/p>\n","protected":false},"excerpt":{"rendered":"<p>Yuridiana Sosa\/ Zona Roja. Oaxaca de Ju\u00e1rez, Oax., 10 de octubre de 2022.- Las denuncias&hellip;<\/p>\n","protected":false},"author":2,"featured_media":46750,"comment_status":"closed","ping_status":"open","sticky":false,"template":"","format":"standard","meta":{"_lmt_disableupdate":"","_lmt_disable":"","_jetpack_memberships_contains_paid_content":false,"footnotes":""},"categories":[109,47],"tags":[557],"class_list":["post-46749","post","type-post","status-publish","format-standard","has-post-thumbnail","hentry","category-minuto-a-minuto","category-zona-gris","tag-adelfo-regino-montes"],"jetpack_featured_media_url":"https:\/\/zonaroja.com.mx\/wp-content\/uploads\/2022\/10\/Denuncia-Ayutla-contra-INPI-Adelnfo-Regiono.jpg","jetpack_sharing_enabled":true,"_links":{"self":[{"href":"https:\/\/zonaroja.com.mx\/index.php?rest_route=\/wp\/v2\/posts\/46749","targetHints":{"allow":["GET"]}}],"collection":[{"href":"https:\/\/zonaroja.com.mx\/index.php?rest_route=\/wp\/v2\/posts"}],"about":[{"href":"https:\/\/zonaroja.com.mx\/index.php?rest_route=\/wp\/v2\/types\/post"}],"author":[{"embeddable":true,"href":"https:\/\/zonaroja.com.mx\/index.php?rest_route=\/wp\/v2\/users\/2"}],"replies":[{"embeddable":true,"href":"https:\/\/zonaroja.com.mx\/index.php?rest_route=%2Fwp%2Fv2%2Fcomments&post=46749"}],"version-history":[{"count":1,"href":"https:\/\/zonaroja.com.mx\/index.php?rest_route=\/wp\/v2\/posts\/46749\/revisions"}],"predecessor-version":[{"id":46755,"href":"https:\/\/zonaroja.com.mx\/index.php?rest_route=\/wp\/v2\/posts\/46749\/revisions\/46755"}],"wp:featuredmedia":[{"embeddable":true,"href":"https:\/\/zonaroja.com.mx\/index.php?rest_route=\/wp\/v2\/media\/46750"}],"wp:attachment":[{"href":"https:\/\/zonaroja.com.mx\/index.php?rest_route=%2Fwp%2Fv2%2Fmedia&parent=46749"}],"wp:term":[{"taxonomy":"category","embeddable":true,"href":"https:\/\/zonaroja.com.mx\/index.php?rest_route=%2Fwp%2Fv2%2Fcategories&post=46749"},{"taxonomy":"post_tag","embeddable":true,"href":"https:\/\/zonaroja.com.mx\/index.php?rest_route=%2Fwp%2Fv2%2Ftags&post=46749"}],"curies":[{"name":"wp","href":"https:\/\/api.w.org\/{rel}","templated":true}]}}