{"id":46758,"date":"2022-10-11T08:28:00","date_gmt":"2022-10-11T13:28:00","guid":{"rendered":"http:\/\/www.zonaroja.com.mx\/?p=46758"},"modified":"2022-10-11T07:03:50","modified_gmt":"2022-10-11T12:03:50","slug":"poder-judicial-de-oaxaca-y-consejo-de-la-judicatura-federal-acuerdan-colaboracion","status":"publish","type":"post","link":"https:\/\/zonaroja.com.mx\/?p=46758","title":{"rendered":"Poder Judicial de Oaxaca y Consejo de la Judicatura Federal acuerdan colaboraci\u00f3n"},"content":{"rendered":"\n<p>Redacci\u00f3n\/Zona Roja.<\/p>\n\n\n\n<p>Oaxaca de Ju\u00e1rez, Oax., a 11 de octubre de 2022.- En el\u00a0compromiso por seguir fortaleciendo el\u00a0uso de nuevas herramientas tecnol\u00f3gicas que propicien mayor accesibilidad y eficiencia en la impartici\u00f3n de justicia, as\u00ed como la profesionalizaci\u00f3n\u00a0permanente\u00a0del personal, el Poder Judicial de Oaxaca y el Consejo de la Judicatura Federal firmaron\u00a0Convenios de colaboraci\u00f3n acad\u00e9mica y de Interconexi\u00f3n Tecnol\u00f3gica y Reconocimiento de Firma Electr\u00f3nica\u00a0(FIREL).<\/p>\n\n\n\n<p>Durante su intervenci\u00f3n en la ceremonia protocolaria, el magistrado Pinacho S\u00e1nchez explic\u00f3 que&nbsp;a trav\u00e9s de esta suma de esfuerzos&nbsp;se realizar\u00e1 el env\u00edo y recepci\u00f3n inmediata de documentos mediante servicios web y conexiones&nbsp;encriptadas.<\/p>\n\n\n\n<p>Se agilizar\u00e1n los tiempos de notificaci\u00f3n; la eficiencia en la recepci\u00f3n de oficios&nbsp;gener\u00e1ndose la constancia respectiva de manera automatizada al tener la capacidad tecnol\u00f3gica de reconocer y validar los documentos firmados de manera electr\u00f3nica&nbsp;y se tendr\u00e1 un&nbsp;mejor aprovechamiento de recursos humanos al obviarse traslados.<\/p>\n\n\n\n<p>Otros de los beneficios, dijo, ser\u00e1n&nbsp;el seguimiento y consulta de los asuntos sin la presencia f\u00edsica y sin limitaci\u00f3n de horarios; as\u00ed como la reducci\u00f3n de costos de papeler\u00eda, pero sobre todo las condiciones indispensables&nbsp;para facilitar el acceso a la justicia, la transparencia y rendici\u00f3n de cuentas.&nbsp;<\/p>\n\n\n\n<p>En presencia del magistrado Alejandro Sergio Gonz\u00e1lez Bernab\u00e9, Consejero de la Judicatura Federal,&nbsp;con quien formaliz\u00f3 los convenios, el magistrado Pinacho S\u00e1nchez&nbsp;indic\u00f3 que de esta manera, se contin\u00faa con el proceso de modernizaci\u00f3n del sistema de justicia en nuestro Estado a trav\u00e9s de nuevos proyectos y mecanismos que conduzcan al expediente electr\u00f3nico y el Tribunal virtual.<\/p>\n\n\n\n<p>Anunci\u00f3 que a prop\u00f3sito de la funci\u00f3n jurisdiccional, como una actividad t\u00e9cnica y human\u00edstica, una primera acci\u00f3n derivada de dichos convenios, ser\u00e1 la primera jornada nacional de capacitaci\u00f3n \u201cInteligencia emocional y liderazgo\u201d, sobre temas de desarrollo humano, liderazgo en el servicio, inteligencia emocional en el trabajo y&nbsp;fortalecimiento del entorno laboral.<\/p>\n\n\n\n<p>Por su parte,&nbsp;en presencia de la doctora&nbsp;Adriana Alejandra Ramos Le\u00f3n, Magistrada del Primer Tribunal Colegiado del D\u00e9cimo Tercer Circuito,&nbsp;el&nbsp;magistrado Alejandro Sergio Gonz\u00e1lez Bernab\u00e9,&nbsp;indic\u00f3 que&nbsp;a trav\u00e9s del trabajo colaborativo entre los Poderes Judicial y la ciudadan\u00eda es posible transitar a la paz, por lo que celebr\u00f3 esta suma de esfuerzos.<\/p>\n\n\n\n<p>Acompa\u00f1aron al Magistrado Presidente en la ceremonia la maestra Berenice Ramirez Jim\u00e9nez, magistrada integrante de la Sala Constitucional y Cuarta Sala Penal Colegiada del Tribunal Superior de Justicia del Estado y el maestro&nbsp;H\u00e9ctor V\u00e1squez Quevedo,&nbsp;Director de la Escuela Judicial&nbsp;y personal&nbsp;de la instituci\u00f3n.&nbsp;<\/p>\n","protected":false},"excerpt":{"rendered":"<p>Redacci\u00f3n\/Zona Roja. Oaxaca de Ju\u00e1rez, Oax., a 11 de octubre de 2022.- En el\u00a0compromiso por&hellip;<\/p>\n","protected":false},"author":2,"featured_media":46752,"comment_status":"closed","ping_status":"open","sticky":false,"template":"","format":"standard","meta":{"_lmt_disableupdate":"","_lmt_disable":"","_jetpack_memberships_contains_paid_content":false,"footnotes":""},"categories":[109,46],"tags":[223],"class_list":["post-46758","post","type-post","status-publish","format-standard","has-post-thumbnail","hentry","category-minuto-a-minuto","category-zona-blanca","tag-poder-judicial-de-oaxaca"],"jetpack_featured_media_url":"https:\/\/zonaroja.com.mx\/wp-content\/uploads\/2022\/10\/Firman-Convenio-de-Colaboracion.jpg","jetpack_sharing_enabled":true,"_links":{"self":[{"href":"https:\/\/zonaroja.com.mx\/index.php?rest_route=\/wp\/v2\/posts\/46758","targetHints":{"allow":["GET"]}}],"collection":[{"href":"https:\/\/zonaroja.com.mx\/index.php?rest_route=\/wp\/v2\/posts"}],"about":[{"href":"https:\/\/zonaroja.com.mx\/index.php?rest_route=\/wp\/v2\/types\/post"}],"author":[{"embeddable":true,"href":"https:\/\/zonaroja.com.mx\/index.php?rest_route=\/wp\/v2\/users\/2"}],"replies":[{"embeddable":true,"href":"https:\/\/zonaroja.com.mx\/index.php?rest_route=%2Fwp%2Fv2%2Fcomments&post=46758"}],"version-history":[{"count":2,"href":"https:\/\/zonaroja.com.mx\/index.php?rest_route=\/wp\/v2\/posts\/46758\/revisions"}],"predecessor-version":[{"id":46775,"href":"https:\/\/zonaroja.com.mx\/index.php?rest_route=\/wp\/v2\/posts\/46758\/revisions\/46775"}],"wp:featuredmedia":[{"embeddable":true,"href":"https:\/\/zonaroja.com.mx\/index.php?rest_route=\/wp\/v2\/media\/46752"}],"wp:attachment":[{"href":"https:\/\/zonaroja.com.mx\/index.php?rest_route=%2Fwp%2Fv2%2Fmedia&parent=46758"}],"wp:term":[{"taxonomy":"category","embeddable":true,"href":"https:\/\/zonaroja.com.mx\/index.php?rest_route=%2Fwp%2Fv2%2Fcategories&post=46758"},{"taxonomy":"post_tag","embeddable":true,"href":"https:\/\/zonaroja.com.mx\/index.php?rest_route=%2Fwp%2Fv2%2Ftags&post=46758"}],"curies":[{"name":"wp","href":"https:\/\/api.w.org\/{rel}","templated":true}]}}