{"id":46763,"date":"2022-10-10T20:39:07","date_gmt":"2022-10-11T01:39:07","guid":{"rendered":"http:\/\/www.zonaroja.com.mx\/?p=46763"},"modified":"2022-10-10T20:39:08","modified_gmt":"2022-10-11T01:39:08","slug":"pretende-gobierno-estatal-heredar-deudas-a-salomon-jara","status":"publish","type":"post","link":"https:\/\/zonaroja.com.mx\/?p=46763","title":{"rendered":"Pretende gobierno estatal heredar deudas a Salom\u00f3n Jara"},"content":{"rendered":"\n<p>Redacci\u00f3n\/Zona Roja.<\/p>\n\n\n\n<p>Oaxaca de Ju\u00e1rez, Oax., a 10 de octubre de 2022.- Proveedores de uniformes de Oaxaca se manifestaron para denunciar un adeudo por cerca de 150 millones de pesos por parte del Gobierno del Estado, por concepto del programa de intercambio de vales para uniformes escolares durante el presente a\u00f1o.<\/p>\n\n\n\n<p>Un grupo de 65 maquiladores de las ocho regiones del estado se\u00f1al\u00f3, en conferencia de prensa en el z\u00f3calo de la capital, que ni la Secretar\u00eda de Finanzas ni la de Bienestar en Oaxaca se hacen responsables de la deuda.<\/p>\n\n\n\n<p>Los afectados temen que este pago pendiente quede como herencia para el gobierno entrante de Salom\u00f3n Jara Cruz, pues no existen garant\u00edas de una liquidaci\u00f3n, por lo que exigieron al gobernador Alejandro Murat saldar la cuenta, como fecha l\u00edmite este mes.<\/p>\n\n\n\n<p>As\u00ed tambi\u00e9n realizaron un llamado al gobernador electo para que observe sobre el posible problema que le dejar\u00e1 Murat Hinojosa, pues recordaron que as\u00ed sucedi\u00f3 al t\u00e9rmino del sexenio anterior.<\/p>\n\n\n\n<p>De acuerdo con Mar\u00eda D\u00e1vila Flores, presidenta del Grupo Textiles \u201cOcho Regiones\u201d, lament\u00f3 que la actual administraci\u00f3n est\u00e9 a punto de cerrar el sexenio sin que liquide los pendientes.<\/p>\n\n\n\n<p>\u201cNuestro temor es que nos pase lo mismo que la administraci\u00f3n de Gabino Cu\u00e9, que se fueron y no nos pagaron esa deuda; sufrimos mucho para que nos pagaran y ahora est\u00e1 pasando lo mismo.&nbsp;<\/p>\n\n\n\n<p>\u201cLa Secretar\u00eda de Finanzas no nos atienden y no nos dan respuesta de cu\u00e1ndo nos van a pagar; en la Secretar\u00eda de Bienestar, nos han tardado la entrega de nuestros folios CLC; hay compa\u00f1eros que tienen dos meses que entregaron un oficio y a la fecha no lo han entregado\u201d, dijo.<\/p>\n\n\n\n<p>Lament\u00f3 que la justificaci\u00f3n ahora se que no hay recursos; de la protesta anterior, les pagaron finalmente los adeudos de 2021, pero para ello se tardaron diez semanas.<\/p>\n","protected":false},"excerpt":{"rendered":"<p>Redacci\u00f3n\/Zona Roja. Oaxaca de Ju\u00e1rez, Oax., a 10 de octubre de 2022.- Proveedores de uniformes&hellip;<\/p>\n","protected":false},"author":2,"featured_media":46754,"comment_status":"closed","ping_status":"open","sticky":false,"template":"","format":"standard","meta":{"_lmt_disableupdate":"","_lmt_disable":"","_jetpack_memberships_contains_paid_content":false,"footnotes":""},"categories":[109,47],"tags":[],"class_list":["post-46763","post","type-post","status-publish","format-standard","has-post-thumbnail","hentry","category-minuto-a-minuto","category-zona-gris"],"jetpack_featured_media_url":"https:\/\/zonaroja.com.mx\/wp-content\/uploads\/2022\/10\/Denuncia-textileros-uniformes-deudas-Finanzas.jpg","jetpack_sharing_enabled":true,"_links":{"self":[{"href":"https:\/\/zonaroja.com.mx\/index.php?rest_route=\/wp\/v2\/posts\/46763","targetHints":{"allow":["GET"]}}],"collection":[{"href":"https:\/\/zonaroja.com.mx\/index.php?rest_route=\/wp\/v2\/posts"}],"about":[{"href":"https:\/\/zonaroja.com.mx\/index.php?rest_route=\/wp\/v2\/types\/post"}],"author":[{"embeddable":true,"href":"https:\/\/zonaroja.com.mx\/index.php?rest_route=\/wp\/v2\/users\/2"}],"replies":[{"embeddable":true,"href":"https:\/\/zonaroja.com.mx\/index.php?rest_route=%2Fwp%2Fv2%2Fcomments&post=46763"}],"version-history":[{"count":1,"href":"https:\/\/zonaroja.com.mx\/index.php?rest_route=\/wp\/v2\/posts\/46763\/revisions"}],"predecessor-version":[{"id":46764,"href":"https:\/\/zonaroja.com.mx\/index.php?rest_route=\/wp\/v2\/posts\/46763\/revisions\/46764"}],"wp:featuredmedia":[{"embeddable":true,"href":"https:\/\/zonaroja.com.mx\/index.php?rest_route=\/wp\/v2\/media\/46754"}],"wp:attachment":[{"href":"https:\/\/zonaroja.com.mx\/index.php?rest_route=%2Fwp%2Fv2%2Fmedia&parent=46763"}],"wp:term":[{"taxonomy":"category","embeddable":true,"href":"https:\/\/zonaroja.com.mx\/index.php?rest_route=%2Fwp%2Fv2%2Fcategories&post=46763"},{"taxonomy":"post_tag","embeddable":true,"href":"https:\/\/zonaroja.com.mx\/index.php?rest_route=%2Fwp%2Fv2%2Ftags&post=46763"}],"curies":[{"name":"wp","href":"https:\/\/api.w.org\/{rel}","templated":true}]}}