{"id":46765,"date":"2022-10-10T21:40:41","date_gmt":"2022-10-11T02:40:41","guid":{"rendered":"http:\/\/www.zonaroja.com.mx\/?p=46765"},"modified":"2022-10-10T21:40:43","modified_gmt":"2022-10-11T02:40:43","slug":"de-juchitan-en-el-ejecutado-hoy-en-el-istmo-otro-indigente-muerto-en-la-capital","status":"publish","type":"post","link":"https:\/\/zonaroja.com.mx\/?p=46765","title":{"rendered":"De Juchit\u00e1n, en el ejecutado hoy en el Istmo; otro indigente muerto en la capital"},"content":{"rendered":"\n<p>Redacci\u00f3n\/Zona Roja.<\/p>\n\n\n\n<p>Oaxaca de Ju\u00e1rez, Oax., a 10 de octubre de 2022.- Como Josu\u00e9 A. M., de 21 a\u00f1os de edad y originario de Juchit\u00e1n de Zaragoza, fue identificada la persona que la ma\u00f1ana de hoy fue ejecutada en la regi\u00f3n del Istmo de Tehuantepec.<\/p>\n\n\n\n<p>El cuerpo envuelto en una lona fue localizado la ma\u00f1ana de este lunes en el tramo carretero que une a Juchit\u00e1n con Asunci\u00f3n Ixtaltepec, en jurisdicci\u00f3n de este \u00faltimo municipio.<\/p>\n\n\n\n<p>De acuerdo con informes de corporaciones policiacas, la v\u00edctima ten\u00eda su domicilio en la Segunda Secci\u00f3n de Juchit\u00e1n y presuntamente ya hab\u00eda tenido ingresos al reclusorio, por diversos il\u00edcitos.<\/p>\n\n\n\n<p>EN LA CAPITAL<\/p>\n\n\n\n<p>Por otra parte, un hombre en situaci\u00f3n de calle en la ciudad de Oaxaca, frente al atrio del templo de La Merced, ubicado en la avenida Independencia y Manuel Doblado.<\/p>\n\n\n\n<p>Esta es la tercera v\u00edctima que se registra en menos de una semana, sin que las autoridades municipales o estatales implemente acciones a favor de estas personas en situaci\u00f3n de abandono.<\/p>\n\n\n\n<p>ACCIDENTE EN ISTMO<\/p>\n\n\n\n<p>Mientras tanto, la tarde de este lunes se registr\u00f3 un accidente en la carretera Trans\u00edstmica, en el tramo de Mat\u00edas Romero Avenda\u00f1o con Santa Mar\u00eda Petapa, a la altura del kil\u00f3metro 200.<\/p>\n\n\n\n<p>Presuntamente las ocupantes de una unidad de motor pretend\u00edan esquivar una motocicleta pero se salieron la cinta asf\u00e1ltica; las v\u00edctimas fueron identificadas como Elvira G., y su nieta menor de edad Johana Itzel F. T.<\/p>\n","protected":false},"excerpt":{"rendered":"<p>Redacci\u00f3n\/Zona Roja. Oaxaca de Ju\u00e1rez, Oax., a 10 de octubre de 2022.- Como Josu\u00e9 A.&hellip;<\/p>\n","protected":false},"author":2,"featured_media":46766,"comment_status":"closed","ping_status":"open","sticky":false,"template":"","format":"standard","meta":{"_lmt_disableupdate":"","_lmt_disable":"","_jetpack_memberships_contains_paid_content":false,"footnotes":""},"categories":[109,51],"tags":[123],"class_list":["post-46765","post","type-post","status-publish","format-standard","has-post-thumbnail","hentry","category-minuto-a-minuto","category-zona-roja","tag-juchitan-de-zaragoza"],"jetpack_featured_media_url":"https:\/\/zonaroja.com.mx\/wp-content\/uploads\/2022\/10\/Ejecutado-Istmo-Oaxaca-Juchitan.jpg","jetpack_sharing_enabled":true,"_links":{"self":[{"href":"https:\/\/zonaroja.com.mx\/index.php?rest_route=\/wp\/v2\/posts\/46765","targetHints":{"allow":["GET"]}}],"collection":[{"href":"https:\/\/zonaroja.com.mx\/index.php?rest_route=\/wp\/v2\/posts"}],"about":[{"href":"https:\/\/zonaroja.com.mx\/index.php?rest_route=\/wp\/v2\/types\/post"}],"author":[{"embeddable":true,"href":"https:\/\/zonaroja.com.mx\/index.php?rest_route=\/wp\/v2\/users\/2"}],"replies":[{"embeddable":true,"href":"https:\/\/zonaroja.com.mx\/index.php?rest_route=%2Fwp%2Fv2%2Fcomments&post=46765"}],"version-history":[{"count":1,"href":"https:\/\/zonaroja.com.mx\/index.php?rest_route=\/wp\/v2\/posts\/46765\/revisions"}],"predecessor-version":[{"id":46767,"href":"https:\/\/zonaroja.com.mx\/index.php?rest_route=\/wp\/v2\/posts\/46765\/revisions\/46767"}],"wp:featuredmedia":[{"embeddable":true,"href":"https:\/\/zonaroja.com.mx\/index.php?rest_route=\/wp\/v2\/media\/46766"}],"wp:attachment":[{"href":"https:\/\/zonaroja.com.mx\/index.php?rest_route=%2Fwp%2Fv2%2Fmedia&parent=46765"}],"wp:term":[{"taxonomy":"category","embeddable":true,"href":"https:\/\/zonaroja.com.mx\/index.php?rest_route=%2Fwp%2Fv2%2Fcategories&post=46765"},{"taxonomy":"post_tag","embeddable":true,"href":"https:\/\/zonaroja.com.mx\/index.php?rest_route=%2Fwp%2Fv2%2Ftags&post=46765"}],"curies":[{"name":"wp","href":"https:\/\/api.w.org\/{rel}","templated":true}]}}