{"id":46768,"date":"2022-10-10T21:50:39","date_gmt":"2022-10-11T02:50:39","guid":{"rendered":"http:\/\/www.zonaroja.com.mx\/?p=46768"},"modified":"2022-10-10T21:50:40","modified_gmt":"2022-10-11T02:50:40","slug":"denuncian-abusos-de-poder-de-funcionario-en-los-servicios-de-salud","status":"publish","type":"post","link":"https:\/\/zonaroja.com.mx\/?p=46768","title":{"rendered":"Denuncian abusos de poder de funcionario en los Servicios de Salud"},"content":{"rendered":"\n<p>Yuridiana Sosa\/Zona Roja.<\/p>\n\n\n\n<p>Oaxaca de Ju\u00e1rez, Oax., 10 de octubre de 2022.- Diversas violaciones laborales, abuso de poder y hasta por presunta malversaci\u00f3n de recursos p\u00fablicos cometidos por funcionarios de los Servicios de Salud de Oaxaca fueron motivo de una manifestaci\u00f3n por parte de trabajadores sindicalizados.<\/p>\n\n\n\n<p>Integrantes del Sindicato Federal Democr\u00e1tico de Salud, Secci\u00f3n 30 Oaxaca, \u201ctomaron\u201d las oficinas administrativas de los SSO en la colonia Reforma, para denunciar al responsable de Recursos Humanos, David Sumano, de autoasignarse una plaza en la que cobrar\u00e1 alrededor de 90 mil pesos, mientras que medio centenar de trabajadores fueron despedidos por supuesta falta de recursos.<\/p>\n\n\n\n<p>Para exigir la renuncia de dicho funcionario, los trabajadores instalaron un \u201cplant\u00f3n\u201d indefinido. Ante el arribo de la manifestaci\u00f3n, desde la ma\u00f1ana de este lunes, funcionarios de Recursos Humanos \u201chuyeron\u201d del inmueble en medio de la protesta, sin ofrecer una mesa de di\u00e1logo con los afectados que fueron despedidos y a quienes les niega una recontrataci\u00f3n.<\/p>\n\n\n\n<p>El secretario de Asuntos Jur\u00eddicos del SIFEDS, Fernando Rodr\u00edguez, se\u00f1al\u00f3 que la directora de administraci\u00f3n de los SSO, Claudia Tovar indic\u00f3 que la destituci\u00f3n de dicho funcionario no est\u00e1 en discusi\u00f3n.<\/p>\n\n\n\n<figure class=\"wp-block-embed is-type-rich is-provider-twitter wp-block-embed-twitter\"><div class=\"wp-block-embed__wrapper\">\n<div class=\"twitter-tweet\"><blockquote class=\"twitter-tweet\" data-lang=\"es\"><p lang=\"es\" dir=\"ltr\">2. Los agremiados acusan que el responsable de Recursos Humanos de los <a href=\"https:\/\/twitter.com\/SSO_GobOax?ref_src=twsrc%5Etfw\">@SSO_GobOax<\/a>, David Sumano, se autoasign\u00f3 una plaza en que cobrar\u00e1 alrededor de 90 mil pesos. <br>M\u00e1s de 50 trabajadores fueron despedidos y no los quieren reingresar; ser\u00e1 definitivo el \u201cplant\u00f3n\u201d. <a href=\"https:\/\/t.co\/wcOkzqigiy\">pic.twitter.com\/wcOkzqigiy<\/a><\/p>&mdash; Zona Roja Oaxaca (@ZonaRoja_Oaxaca) <a href=\"https:\/\/twitter.com\/ZonaRoja_Oaxaca\/status\/1579539004785315841?ref_src=twsrc%5Etfw\">10 de octubre de 2022<\/a><\/blockquote><\/div>\n<\/div><\/figure>\n\n\n\n<p>M\u00c1S PROTESTAS<\/p>\n\n\n\n<p>Por otra parte, integrantes del Frente de Organizaciones se apoderaron del acceso principal de Ciudad Administrativa, en Tlalixtac de Cabrera, para exigir atenci\u00f3n por la Secretar\u00eda General de Gobierno.<\/p>\n\n\n\n<p>La presencia de los inconformes fue motivo de la evacuaci\u00f3n emergente de trabajadores sindicalizados del gobierno del estado para evitar ser retenidos y agredidos por las violentas organizaciones que conforman el grupo.&nbsp;<\/p>\n\n\n\n<p>Mientras que en la sede de la Secretar\u00eda de Movilidad (Semovi), al sur de la capital, integrantes de la agrupaci\u00f3n Codeci se manifestaron para exigir regularizaci\u00f3n de unidades del transporte p\u00fablico y concesiones.<\/p>\n\n\n\n<p>En tanto que por varias horas de la ma\u00f1ana de hoy, un grupo de supuestos ind\u00edgenas de la regi\u00f3n Mixteca se apoderaron de la caseta de peaje Huitzo de la supercarretera Oaxaca-Cuacnopalan, para cobrar sus propias cuotas.<\/p>\n\n\n\n<p>Y en el Istmo, pobladores del Ejido Estaci\u00f3n Mogo\u00f1\u00e9 cumplieron ocho d\u00edas de bloqueo a las obras del Corredor Interoce\u00e1nico, sin que funcionarios del gobierno federal atiendan la problem\u00e1tica de indemnizaci\u00f3n justa de sus tierras.<\/p>\n","protected":false},"excerpt":{"rendered":"<p>Yuridiana Sosa\/Zona Roja. Oaxaca de Ju\u00e1rez, Oax., 10 de octubre de 2022.- Diversas violaciones laborales,&hellip;<\/p>\n","protected":false},"author":2,"featured_media":46753,"comment_status":"closed","ping_status":"open","sticky":false,"template":"","format":"standard","meta":{"_lmt_disableupdate":"","_lmt_disable":"","_jetpack_memberships_contains_paid_content":false,"footnotes":""},"categories":[109,47],"tags":[1005],"class_list":["post-46768","post","type-post","status-publish","format-standard","has-post-thumbnail","hentry","category-minuto-a-minuto","category-zona-gris","tag-servicios-de-salud-de-oaxaca-sso"],"jetpack_featured_media_url":"https:\/\/zonaroja.com.mx\/wp-content\/uploads\/2022\/10\/Denuncia-SSO-paro-de-labores-y-toma-oficinas.jpg","jetpack_sharing_enabled":true,"_links":{"self":[{"href":"https:\/\/zonaroja.com.mx\/index.php?rest_route=\/wp\/v2\/posts\/46768","targetHints":{"allow":["GET"]}}],"collection":[{"href":"https:\/\/zonaroja.com.mx\/index.php?rest_route=\/wp\/v2\/posts"}],"about":[{"href":"https:\/\/zonaroja.com.mx\/index.php?rest_route=\/wp\/v2\/types\/post"}],"author":[{"embeddable":true,"href":"https:\/\/zonaroja.com.mx\/index.php?rest_route=\/wp\/v2\/users\/2"}],"replies":[{"embeddable":true,"href":"https:\/\/zonaroja.com.mx\/index.php?rest_route=%2Fwp%2Fv2%2Fcomments&post=46768"}],"version-history":[{"count":1,"href":"https:\/\/zonaroja.com.mx\/index.php?rest_route=\/wp\/v2\/posts\/46768\/revisions"}],"predecessor-version":[{"id":46769,"href":"https:\/\/zonaroja.com.mx\/index.php?rest_route=\/wp\/v2\/posts\/46768\/revisions\/46769"}],"wp:featuredmedia":[{"embeddable":true,"href":"https:\/\/zonaroja.com.mx\/index.php?rest_route=\/wp\/v2\/media\/46753"}],"wp:attachment":[{"href":"https:\/\/zonaroja.com.mx\/index.php?rest_route=%2Fwp%2Fv2%2Fmedia&parent=46768"}],"wp:term":[{"taxonomy":"category","embeddable":true,"href":"https:\/\/zonaroja.com.mx\/index.php?rest_route=%2Fwp%2Fv2%2Fcategories&post=46768"},{"taxonomy":"post_tag","embeddable":true,"href":"https:\/\/zonaroja.com.mx\/index.php?rest_route=%2Fwp%2Fv2%2Ftags&post=46768"}],"curies":[{"name":"wp","href":"https:\/\/api.w.org\/{rel}","templated":true}]}}