{"id":46772,"date":"2022-10-11T11:45:00","date_gmt":"2022-10-11T16:45:00","guid":{"rendered":"http:\/\/www.zonaroja.com.mx\/?p=46772"},"modified":"2022-10-11T06:57:47","modified_gmt":"2022-10-11T11:57:47","slug":"en-el-sexenio-de-amlo-suman-9-helicopterazos-de-la-marina-con-29-muertos","status":"publish","type":"post","link":"https:\/\/zonaroja.com.mx\/?p=46772","title":{"rendered":"En el sexenio de AMLO suman 9 \u201chelicopterazos\u201d de la Marina, con 29 muertos"},"content":{"rendered":"\n<p>Redacci\u00f3n\/Zona Roja Cdmx.<\/p>\n\n\n\n<p>Ciudad de M\u00e9xico, a 11 de octubre de 2022.- En el sexenio del Presidente Andr\u00e9s Manuel L\u00f3pez Obrador se han registrado nueve accidentes de helic\u00f3pteros de la Secretar\u00eda de Marina, con saldo de 23 muertos y 29 lesionados.<\/p>\n\n\n\n<p>De acuerdo con informaci\u00f3n del diario \u201cLa Jornada\u201d, cinco de estos accidentes se han registrado este a\u00f1o, incluido el del Black Hawk en Sinaloa, que transportaba a los 14 elementos de las fuerzas especiales que participaron en la recaptura del narcotraficante Rafael Caro Quintero, todos los cuales fallecieron.<\/p>\n\n\n\n<p>La mayor\u00eda de los aparatos involucrados en estos accidentes son MI-17, de fabricaci\u00f3n rusa; cuatro de estos han resultado da\u00f1ados o destruidos por completo.<\/p>\n\n\n\n<p>Seg\u00fan la respuesta de la Armada a una solicitud de informaci\u00f3n p\u00fablica, hasta el 11 de agosto pasado sumaban cinco los helic\u00f3pteros reportados como p\u00e9rdida total por accidentes. A esta cifra hay que sumarle el aparato que cay\u00f3 en Centla, Tabasco, el primero de octubre pasado.<\/p>\n\n\n\n<p>El primer percance de este tipo en el sexenio ocurri\u00f3 el 25 de mayo de 2019, cuando se desplom\u00f3 en la Sierra Gorda de Quer\u00e9taro un MI-17 que participaba en el combate a un incendio. En el siniestro fallecieron cuatro marinos y un elemento de la Comisi\u00f3n Nacional Forestal.<\/p>\n\n\n\n<p>La informaci\u00f3n de \u201cLa Jornada\u201d detalla que en marzo de 2020 cay\u00f3 un Black Hawk en Zongolica, Veracruz; en agosto de ese mismo a\u00f1o un MI-17 en Agua Blanca, Hidalgo, y otro aparato similar se accident\u00f3 en octubre siguiente en Villahermosa, Tabasco.<\/p>\n\n\n\n<p>El 26 de abril de este a\u00f1o se accident\u00f3 otro MI-17 en Mazatl\u00e1n, Sinaloa; el 2 de mayo se estrell\u00f3 un Zlin en Los Mochis, Sinaloa, y el 12 de junio cay\u00f3 un Black Hawk en Oaxaca.<\/p>\n\n\n\n<p>El accidente de helic\u00f3pteros de la Semar que m\u00e1s v\u00edctimas cobr\u00f3 fue el del Black Hawk que se estrell\u00f3 cerca del aeropuerto de Los Mochis, Sinaloa, el 15 de julio pasado, tras la recaptura de Caro Quintero.<\/p>\n\n\n\n<p>El peritaje difundido por la Fiscal\u00eda General de la Rep\u00fablica se\u00f1al\u00f3 que la aeronave cay\u00f3 por falta de combustible, expone \u201cLa Jornada\u201d.<\/p>\n\n\n\n<p>El m\u00e1s reciente incidente de un helic\u00f3ptero de la Semar, el ocurrido en Centla, Tabasco, involucr\u00f3 a un Eurocopter y ocasion\u00f3 la muerte de tres tripulantes.<\/p>\n\n\n\n<p>Fotograf\u00edas de este percance, adicionadas al expediente de la investigaci\u00f3n muestran una posible falla en el eje de transmisi\u00f3n del rotor trasero. Los trabajos del peritaje de este accidente contin\u00faan en proceso.<\/p>\n","protected":false},"excerpt":{"rendered":"<p>Redacci\u00f3n\/Zona Roja Cdmx. Ciudad de M\u00e9xico, a 11 de octubre de 2022.- En el sexenio&hellip;<\/p>\n","protected":false},"author":2,"featured_media":43601,"comment_status":"closed","ping_status":"open","sticky":false,"template":"","format":"standard","meta":{"_lmt_disableupdate":"","_lmt_disable":"","_jetpack_memberships_contains_paid_content":false,"footnotes":""},"categories":[109,47],"tags":[672],"class_list":["post-46772","post","type-post","status-publish","format-standard","has-post-thumbnail","hentry","category-minuto-a-minuto","category-zona-gris","tag-secretaria-de-marina"],"jetpack_featured_media_url":"https:\/\/zonaroja.com.mx\/wp-content\/uploads\/2022\/07\/Helicoptero-Secretaria-de-Marina-Sinaloa.jpg","jetpack_sharing_enabled":true,"_links":{"self":[{"href":"https:\/\/zonaroja.com.mx\/index.php?rest_route=\/wp\/v2\/posts\/46772","targetHints":{"allow":["GET"]}}],"collection":[{"href":"https:\/\/zonaroja.com.mx\/index.php?rest_route=\/wp\/v2\/posts"}],"about":[{"href":"https:\/\/zonaroja.com.mx\/index.php?rest_route=\/wp\/v2\/types\/post"}],"author":[{"embeddable":true,"href":"https:\/\/zonaroja.com.mx\/index.php?rest_route=\/wp\/v2\/users\/2"}],"replies":[{"embeddable":true,"href":"https:\/\/zonaroja.com.mx\/index.php?rest_route=%2Fwp%2Fv2%2Fcomments&post=46772"}],"version-history":[{"count":1,"href":"https:\/\/zonaroja.com.mx\/index.php?rest_route=\/wp\/v2\/posts\/46772\/revisions"}],"predecessor-version":[{"id":46773,"href":"https:\/\/zonaroja.com.mx\/index.php?rest_route=\/wp\/v2\/posts\/46772\/revisions\/46773"}],"wp:featuredmedia":[{"embeddable":true,"href":"https:\/\/zonaroja.com.mx\/index.php?rest_route=\/wp\/v2\/media\/43601"}],"wp:attachment":[{"href":"https:\/\/zonaroja.com.mx\/index.php?rest_route=%2Fwp%2Fv2%2Fmedia&parent=46772"}],"wp:term":[{"taxonomy":"category","embeddable":true,"href":"https:\/\/zonaroja.com.mx\/index.php?rest_route=%2Fwp%2Fv2%2Fcategories&post=46772"},{"taxonomy":"post_tag","embeddable":true,"href":"https:\/\/zonaroja.com.mx\/index.php?rest_route=%2Fwp%2Fv2%2Ftags&post=46772"}],"curies":[{"name":"wp","href":"https:\/\/api.w.org\/{rel}","templated":true}]}}