{"id":46786,"date":"2022-10-11T08:30:28","date_gmt":"2022-10-11T13:30:28","guid":{"rendered":"http:\/\/www.zonaroja.com.mx\/?p=46786"},"modified":"2022-10-11T08:39:28","modified_gmt":"2022-10-11T13:39:28","slug":"allegado-a-morena-y-a-salomon-jara-suplanto-identidad-para-evadir-delito-de-violacion","status":"publish","type":"post","link":"https:\/\/zonaroja.com.mx\/?p=46786","title":{"rendered":"Allegado a Morena y a Salom\u00f3n Jara suplant\u00f3 identidad para evadir delito de violaci\u00f3n"},"content":{"rendered":"\n<p>Ismael Garc\u00eda M.\/Zona Roja.<\/p>\n\n\n\n<p>Oaxaca de Ju\u00e1rez, Oax., a 11 de octubre de 2022.- Pl\u00e1cido M. S., militante del Partido Morena y presuntamente allegado al gobernador electo Salom\u00f3n Jara Cruz, suplant\u00f3 una identidad para evadir una acusaci\u00f3n por el delito de violaci\u00f3n de una femenina de nombre \u201cPijy\u201d.<\/p>\n\n\n\n<p>Una persona del sexo femenino \u2014al parecer novia del agresor\u2014 se prest\u00f3 a hacerse pasar como la v\u00edctima y durante el juicio, otorg\u00f3 el perd\u00f3n al acusado.<\/p>\n\n\n\n<p>As\u00ed lo denunciaron activistas y defensores de derechos de las mujeres, que acusaron al juez Omar Morales Sim\u00f3n, del juzgado del Poder Judicial del Estado de Oaxaca, con sede en Mat\u00edas Romero, de anular la orden de aprehensi\u00f3n.<\/p>\n\n\n\n<p>\u201c\u00bfC\u00f3mo se llega al punto donde una v\u00edctima de violaci\u00f3n que present\u00f3 su denuncia y se gir\u00f3 una orden de aprehensi\u00f3n contra el agresor se entere despu\u00e9s que la orden fue revocada porque alguien m\u00e1s suplant\u00f3 su identidad, se present\u00f3 con su nombre ante el juez y otorg\u00f3 el perd\u00f3n?\u201d, relat\u00f3 el activista Mixe Joaqu\u00edn Galv\u00e1n.<\/p>\n\n\n\n<p>En sus redes sociales detall\u00f3 que la violaci\u00f3n ocurri\u00f3 cuando \u201cPijy\u201d ten\u00eda 15 a\u00f1os de edad.<\/p>\n\n\n\n<p>\u201cPl\u00e1cido es un conocido operador pol\u00edtico de la zona, posa con distintos candidatos y pol\u00edticos del estado, ostenta posesiones e influencias. Pl\u00e1cido supo de la orden de aprehensi\u00f3n que giraba en su contra pues sobre \u00e9l reca\u00eda la causa penal 210\/2013 interpuesta por la v\u00edctima \u2018Pijy\u2019 por violaci\u00f3n agravada cuanto ella ten\u00eda 15 a\u00f1os.&nbsp;<\/p>\n\n\n\n<p>\u201cFue el presente a\u00f1o cuando ante la inoperancia de la @FISCALIA_GobOax sobre su caso y ante ciertos eventos, que \u2018Pijy\u2019 decidi\u00f3 acudir al juzgado y al MP para revisar el estado de su carpeta de investigaci\u00f3n, y tanto el juzgado de Control como el MP Le informaron que su caso estaba sobrese\u00eddo ya que la denunciante hab\u00eda otorgado el \u2018perd\u00f3n\u2019 el d\u00eda 20 de Septiembre del presente a\u00f1o. Situaci\u00f3n a la que Pijy qued\u00f3 desconcertada\u201d, narra Joaqu\u00edn Galv\u00e1n.<\/p>\n\n\n\n<figure class=\"wp-block-image size-large\"><a href=\"http:\/\/www.zonaroja.com.mx\/wp-content\/uploads\/2022\/10\/Agresor-violador-mixe-Pijy.jpeg\" data-rel=\"penci-gallery-image-content\" ><img decoding=\"async\" width=\"1024\" height=\"576\" src=\"http:\/\/www.zonaroja.com.mx\/wp-content\/uploads\/2022\/10\/Agresor-violador-mixe-Pijy-1024x576.jpeg\" alt=\"\" class=\"wp-image-46787\" srcset=\"https:\/\/zonaroja.com.mx\/wp-content\/uploads\/2022\/10\/Agresor-violador-mixe-Pijy-1024x576.jpeg 1024w, https:\/\/zonaroja.com.mx\/wp-content\/uploads\/2022\/10\/Agresor-violador-mixe-Pijy-300x169.jpeg 300w, https:\/\/zonaroja.com.mx\/wp-content\/uploads\/2022\/10\/Agresor-violador-mixe-Pijy-768x432.jpeg 768w, https:\/\/zonaroja.com.mx\/wp-content\/uploads\/2022\/10\/Agresor-violador-mixe-Pijy-1170x658.jpeg 1170w, https:\/\/zonaroja.com.mx\/wp-content\/uploads\/2022\/10\/Agresor-violador-mixe-Pijy-585x329.jpeg 585w, https:\/\/zonaroja.com.mx\/wp-content\/uploads\/2022\/10\/Agresor-violador-mixe-Pijy.jpeg 1200w\" sizes=\"(max-width: 1024px) 100vw, 1024px\" \/><\/a><\/figure>\n\n\n\n<p>Expone que ella no hab\u00eda otorgado el perd\u00f3n y no hab\u00eda acudido ni ante el juez ni al MP en dicha fecha. Incluso se narra en la comparecencia que la violaci\u00f3n era falsa y que la v\u00edctima se hab\u00eda casado con Pl\u00e1cido despu\u00e9s de la supuesta acusaci\u00f3n.&nbsp;<\/p>\n\n\n\n<p>\u201cAl revisar su expediente, \u2018Pijy\u2019 se dio cuenta de que los documentos con los que se present\u00f3 la otra mujer correspond\u00edan a una novia actual de su agresor a quien reconoci\u00f3 inmediatamente y corresponde a una mujer cuyo identidad verdadera es Karla N. N., actual pareja de Pl\u00e1cido.&nbsp;<\/p>\n\n\n\n<p>\u201cCon esa comparecencia Pl\u00e1cido logr\u00f3 que el juez de control Omar Morales Sim\u00f3n revocara la orden de aprehensi\u00f3n contra el imputado. Nadie corrobor\u00f3 que la persona que se present\u00f3 fuera la misma quien present\u00f3 la denuncia a pesar de que la identificaci\u00f3n oficial de la v\u00edctima obra en el expediente\u201d, detalla.<\/p>\n\n\n\n<p>Agrega que actualmente el expediente cuenta con dos credenciales de indentificaci\u00f3n de dos personas distintas con los mismos datos: la v\u00edctima y Karla N.N., la novia del agresor cuya foto de la identificaci\u00f3n obvia que se trata de persona distinta.&nbsp;<\/p>\n\n\n\n<p>\u201cAhora \u2018Pijy\u2019, no solo tiene que lidiar con que su expediente se reabra y que se restituya la orden de aprehensi\u00f3n, ahora tambi\u00e9n tiene que probar que ella es la verdadera ya que ni el juzgado ni la Fiscal\u00eda local verificaron la identidad de \u2018Pijy\u2019 por negligencia o por abierta corrupci\u00f3n\u201d, dice.&nbsp;<\/p>\n\n\n\n<p>\u201cEl agresor presume tener contactos de alto nivel, por eso hago un llamado en\u00e9rgico a @salomonj, gobernador electo, que en caso de conocer a este sujeto, propicie las condiciones para que \u2018Pijy\u2019 pueda tener acceso a la justicia en su caso y no se permita m\u00e1s impunidad bajo influencias\u201d, expone.<\/p>\n","protected":false},"excerpt":{"rendered":"<p>Ismael Garc\u00eda M.\/Zona Roja. Oaxaca de Ju\u00e1rez, Oax., a 11 de octubre de 2022.- Pl\u00e1cido&hellip;<\/p>\n","protected":false},"author":2,"featured_media":46782,"comment_status":"closed","ping_status":"open","sticky":false,"template":"","format":"standard","meta":{"_lmt_disableupdate":"","_lmt_disable":"","_jetpack_memberships_contains_paid_content":false,"footnotes":""},"categories":[109,47],"tags":[],"class_list":["post-46786","post","type-post","status-publish","format-standard","has-post-thumbnail","hentry","category-minuto-a-minuto","category-zona-gris"],"jetpack_featured_media_url":"https:\/\/zonaroja.com.mx\/wp-content\/uploads\/2022\/10\/Placido-M.-S.-caso-Pijy.jpg","jetpack_sharing_enabled":true,"_links":{"self":[{"href":"https:\/\/zonaroja.com.mx\/index.php?rest_route=\/wp\/v2\/posts\/46786","targetHints":{"allow":["GET"]}}],"collection":[{"href":"https:\/\/zonaroja.com.mx\/index.php?rest_route=\/wp\/v2\/posts"}],"about":[{"href":"https:\/\/zonaroja.com.mx\/index.php?rest_route=\/wp\/v2\/types\/post"}],"author":[{"embeddable":true,"href":"https:\/\/zonaroja.com.mx\/index.php?rest_route=\/wp\/v2\/users\/2"}],"replies":[{"embeddable":true,"href":"https:\/\/zonaroja.com.mx\/index.php?rest_route=%2Fwp%2Fv2%2Fcomments&post=46786"}],"version-history":[{"count":2,"href":"https:\/\/zonaroja.com.mx\/index.php?rest_route=\/wp\/v2\/posts\/46786\/revisions"}],"predecessor-version":[{"id":46789,"href":"https:\/\/zonaroja.com.mx\/index.php?rest_route=\/wp\/v2\/posts\/46786\/revisions\/46789"}],"wp:featuredmedia":[{"embeddable":true,"href":"https:\/\/zonaroja.com.mx\/index.php?rest_route=\/wp\/v2\/media\/46782"}],"wp:attachment":[{"href":"https:\/\/zonaroja.com.mx\/index.php?rest_route=%2Fwp%2Fv2%2Fmedia&parent=46786"}],"wp:term":[{"taxonomy":"category","embeddable":true,"href":"https:\/\/zonaroja.com.mx\/index.php?rest_route=%2Fwp%2Fv2%2Fcategories&post=46786"},{"taxonomy":"post_tag","embeddable":true,"href":"https:\/\/zonaroja.com.mx\/index.php?rest_route=%2Fwp%2Fv2%2Ftags&post=46786"}],"curies":[{"name":"wp","href":"https:\/\/api.w.org\/{rel}","templated":true}]}}