{"id":46803,"date":"2022-10-11T16:01:04","date_gmt":"2022-10-11T21:01:04","guid":{"rendered":"http:\/\/www.zonaroja.com.mx\/?p=46803"},"modified":"2022-10-11T16:01:05","modified_gmt":"2022-10-11T21:01:05","slug":"periferia-de-oaxaca-capital-un-megatiradero-a-cuatro-dias-sin-recoleccion","status":"publish","type":"post","link":"https:\/\/zonaroja.com.mx\/?p=46803","title":{"rendered":"Periferia de Oaxaca capital, un megatiradero, a cuatro d\u00edas sin recolecci\u00f3n"},"content":{"rendered":"\n<p>Yuridiana Sosa\/Zona Roja.<\/p>\n\n\n\n<p>Oaxaca de Ju\u00e1rez, Oax., 11 de octubre de 2022.- La capital del estado de Oaxaca presenta dos caras ante el cierre del basurero municipal en la Villa de Zaachila. La de la simulaci\u00f3n de una ciudad limpia, s\u00f3lo en el Centro Hist\u00f3rico, y la realidad sobre la invasi\u00f3n de la v\u00eda p\u00fablica en la periferia.<\/p>\n\n\n\n<p>A cuatro d\u00edas del cierre definitivo del basurero en la Villa de Zaachila y en el pre\u00e1mbulo del cuarto Tianguis de Pueblos M\u00e1gicos, del que la ciudad es una de las sedes, la autoridad municipal hace \u201cmagia\u201d para desaparecer los desechos en el Centro Hist\u00f3rico de la capital, pues a\u00fan no se cuenta con un terreno para la habilitaci\u00f3n de un nuevo basurero.<\/p>\n\n\n\n<p>La basura de las principales calles de la zona centro se ha recolectado por el servicio del ayuntamiento, sin embargo, hasta el momento el gobierno a cargo de Francisco Mart\u00ednez Neri no ha informado a qu\u00e9 espacio se trasladan los desechos.<\/p>\n\n\n\n<p>Pues, de acuerdo al presidente municipal, por lo menos una semana estar\u00e1 suspendido el servicio de recolecci\u00f3n de basura de manera general, as\u00ed como mantiene su campa\u00f1a para la separaci\u00f3n de basura y tratar de disminuir el impacto ambiental.<\/p>\n\n\n\n<p>Mientras que en otros puntos del Centro Hist\u00f3rico se han pintado letreros en las paredes de las esquinas de calles, donde se proh\u00edbe tirar basura y las multas por hacerlo, que van de los nueve mil 622 pesos o 36 horas de arresto.<\/p>\n\n\n\n<p>Pero, la realidad del limitado servicio de recolecci\u00f3n y de la falta de un basurero se vive en la periferia, en inmediaciones de la Central de Abasto, donde por lo menos cinco montones de basura han aparecido a lo largo del Perif\u00e9rico.<\/p>\n\n\n\n<p>Por varios metros, las bocacalles lucen con c\u00famulos de desechos de todo tipo, especialmente en colindancias con la calle de Galeana y prolongaci\u00f3n de Galeana. Sobre las banquetas, arroyos vehiculares y el propio camell\u00f3n del Perif\u00e9rico.<\/p>\n\n\n\n<p>A la par, los malos olores que se desprenden de la basura comienzan a inundar la zona, provocando da\u00f1os a la salud y convirti\u00e9ndose en nido de fauna nociva.<\/p>\n\n\n\n<p>El caos apenas inicia en la capital, pues en tanto se concreta la compra del terreno y se restablece el servicio en colonias y agencias, la basura continuar\u00e1 acumul\u00e1ndose en cualquier parte.<\/p>\n","protected":false},"excerpt":{"rendered":"<p>Yuridiana Sosa\/Zona Roja. Oaxaca de Ju\u00e1rez, Oax., 11 de octubre de 2022.- La capital del&hellip;<\/p>\n","protected":false},"author":2,"featured_media":46801,"comment_status":"closed","ping_status":"open","sticky":false,"template":"","format":"standard","meta":{"_lmt_disableupdate":"","_lmt_disable":"","_jetpack_memberships_contains_paid_content":false,"footnotes":""},"categories":[109,47],"tags":[148],"class_list":["post-46803","post","type-post","status-publish","format-standard","has-post-thumbnail","hentry","category-minuto-a-minuto","category-zona-gris","tag-oaxaca-de-juarez"],"jetpack_featured_media_url":"https:\/\/zonaroja.com.mx\/wp-content\/uploads\/2022\/10\/Basura-ciudad-de-Oaxaca-Periferico.jpg","jetpack_sharing_enabled":true,"_links":{"self":[{"href":"https:\/\/zonaroja.com.mx\/index.php?rest_route=\/wp\/v2\/posts\/46803","targetHints":{"allow":["GET"]}}],"collection":[{"href":"https:\/\/zonaroja.com.mx\/index.php?rest_route=\/wp\/v2\/posts"}],"about":[{"href":"https:\/\/zonaroja.com.mx\/index.php?rest_route=\/wp\/v2\/types\/post"}],"author":[{"embeddable":true,"href":"https:\/\/zonaroja.com.mx\/index.php?rest_route=\/wp\/v2\/users\/2"}],"replies":[{"embeddable":true,"href":"https:\/\/zonaroja.com.mx\/index.php?rest_route=%2Fwp%2Fv2%2Fcomments&post=46803"}],"version-history":[{"count":1,"href":"https:\/\/zonaroja.com.mx\/index.php?rest_route=\/wp\/v2\/posts\/46803\/revisions"}],"predecessor-version":[{"id":46804,"href":"https:\/\/zonaroja.com.mx\/index.php?rest_route=\/wp\/v2\/posts\/46803\/revisions\/46804"}],"wp:featuredmedia":[{"embeddable":true,"href":"https:\/\/zonaroja.com.mx\/index.php?rest_route=\/wp\/v2\/media\/46801"}],"wp:attachment":[{"href":"https:\/\/zonaroja.com.mx\/index.php?rest_route=%2Fwp%2Fv2%2Fmedia&parent=46803"}],"wp:term":[{"taxonomy":"category","embeddable":true,"href":"https:\/\/zonaroja.com.mx\/index.php?rest_route=%2Fwp%2Fv2%2Fcategories&post=46803"},{"taxonomy":"post_tag","embeddable":true,"href":"https:\/\/zonaroja.com.mx\/index.php?rest_route=%2Fwp%2Fv2%2Ftags&post=46803"}],"curies":[{"name":"wp","href":"https:\/\/api.w.org\/{rel}","templated":true}]}}