{"id":46805,"date":"2022-10-11T20:48:39","date_gmt":"2022-10-12T01:48:39","guid":{"rendered":"http:\/\/www.zonaroja.com.mx\/?p=46805"},"modified":"2022-10-11T20:48:40","modified_gmt":"2022-10-12T01:48:40","slug":"ante-fracaso-de-segego-persigue-santiago-progreso-a-gobernador-hasta-en-iglesia","status":"publish","type":"post","link":"https:\/\/zonaroja.com.mx\/?p=46805","title":{"rendered":"Ante fracaso de Segego, persigue Santiago Progreso a gobernador hasta en iglesia"},"content":{"rendered":"\n<p>Yuridiana Sosa\/ Zona Roja.<\/p>\n\n\n\n<p>Oaxaca de Ju\u00e1rez, Oax., 11 de octubre de 2022.- La peregrinaci\u00f3n de la protesta no cesa y Santiago Progreso tuvo que perseguir hasta en la iglesia al gobernador Alejandro Murat Hinojosa, para solucionar el conflicto con San Pedro Ozumac\u00edn.<\/p>\n\n\n\n<p>Y es que desde hace 40 d\u00edas, 10 pobladores de dicha comunidad del municipio de Valle Nacional, permanecen retenidos en Ozumac\u00edn, Ayotzintepec, comunidad a la que la Secretar\u00eda General de Gobierno ha dado la posibilidad de decidir sobre la liberaci\u00f3n de los ciudadanos ind\u00edgenas.<\/p>\n\n\n\n<p>Para exigir, una vez m\u00e1s, que termine la privaci\u00f3n ilegal de la libertad de los afectados, sus familiares trasladaron hoy la protesta-\u201cplant\u00f3n\u201d a Ciudad Administrativa, en Tlalixtac de Cabrera.<\/p>\n\n\n\n<p>Esto luego de una fallida mesa de di\u00e1logo que sostuvieron con la Segego el viernes pasado, para llegar&nbsp;a acuerdos para destrabar el conflicto. Pero no ocurri\u00f3.<\/p>\n\n\n\n<p>Esta es la tercera forma de manifestaci\u00f3n que los familiares, principalmente esposas, de los retenidos ha efectuado para ser favorecidos en su petici\u00f3n, las cuales comenzaron desde hace m\u00e1s de dos semanas en Palacio de Gobierno y despu\u00e9s en Edificio Federal, en el Centro Hist\u00f3rico, donde establecieron una huelga de hambre.<\/p>\n\n\n\n<p>Los campesinos encarcelados por Ozumac\u00edn son acusados de ser l\u00edderes de un grupo que ha causado desestabilidad, en su comunidad con quien comparte zona ejidal, as\u00ed como despojo y destierro de una familia hace ocho a\u00f1os; se\u00f1alamientos que la Segego no ha desmentido.<\/p>\n\n\n\n<p>Los habitantes de Ozumac\u00edn exigen un mill\u00f3n de pesos para la reparaci\u00f3n de da\u00f1os y la presencia de pobladores de Santiago Progreso a sus asambleas; por el contrario, los familiares apuntan que primero esperan la liberaci\u00f3n y despu\u00e9s su asistencia a la comunidad vecina.&nbsp;<\/p>\n\n\n\n<p>Por la tarde-noche, regresaron a la plazuela \u201cIndependencia\u201d frente al Palacio Federal, con la finalidad de reanudar su huelga de hambre, pero notaron que el gobernador Alejandro Murat participaba en una calenda religiosa.<\/p>\n\n\n\n<p>Ante ello, lo abordaron sobre la avenida Independencia e incluso lo abordaron al interior de la Catedral; el mandatario se comprometi\u00f3 a que esta semana habr\u00eda respuestas. Mientras tanto, ma\u00f1ana las familias de Santiago Progreso prev\u00e9n reanudar sus movilizaciones.<\/p>\n\n\n\n<p>OTRA PROTESTA<\/p>\n\n\n\n<p>Por otra parte, integrantes del Consejo de Comunidades Ind\u00edgenas de la Sierra Sur (COCISS) tambi\u00e9n se manifestaron a la puerta de Ciudad Administrativa para demandar una mesa de di\u00e1logo con la Segego para abordar la reparaci\u00f3n de da\u00f1os del desalojo que vivieron el 14 de septiembre.<\/p>\n\n\n\n<p>Los manifestantes se\u00f1alaron que la acci\u00f3n violenta que recibieron -luego de tres d\u00edas de realizar un bloque donde tambi\u00e9n agredieron a la poblaci\u00f3n- fue de parte de un grupo \u201cparalimitar\u201d y no de pobladores de San Agust\u00edn de las Juntas, de Xoxocotl\u00e1n, como se ha hecho creer.<\/p>\n\n\n\n<p>Del desalojo hubo tres personas lesionadas del COCISS \u2013integrante de un bloque de organizaciones violentas- por lo que exigen justicia.<\/p>\n","protected":false},"excerpt":{"rendered":"<p>Yuridiana Sosa\/ Zona Roja. Oaxaca de Ju\u00e1rez, Oax., 11 de octubre de 2022.- La peregrinaci\u00f3n&hellip;<\/p>\n","protected":false},"author":2,"featured_media":46806,"comment_status":"closed","ping_status":"open","sticky":false,"template":"","format":"standard","meta":{"_lmt_disableupdate":"","_lmt_disable":"","_jetpack_memberships_contains_paid_content":false,"footnotes":""},"categories":[109,47],"tags":[3260],"class_list":["post-46805","post","type-post","status-publish","format-standard","has-post-thumbnail","hentry","category-minuto-a-minuto","category-zona-gris","tag-santiago-progreso"],"jetpack_featured_media_url":"https:\/\/zonaroja.com.mx\/wp-content\/uploads\/2022\/10\/Gobernador-Alejandro-Murat-y-Santiago-Progreso.jpg","jetpack_sharing_enabled":true,"_links":{"self":[{"href":"https:\/\/zonaroja.com.mx\/index.php?rest_route=\/wp\/v2\/posts\/46805","targetHints":{"allow":["GET"]}}],"collection":[{"href":"https:\/\/zonaroja.com.mx\/index.php?rest_route=\/wp\/v2\/posts"}],"about":[{"href":"https:\/\/zonaroja.com.mx\/index.php?rest_route=\/wp\/v2\/types\/post"}],"author":[{"embeddable":true,"href":"https:\/\/zonaroja.com.mx\/index.php?rest_route=\/wp\/v2\/users\/2"}],"replies":[{"embeddable":true,"href":"https:\/\/zonaroja.com.mx\/index.php?rest_route=%2Fwp%2Fv2%2Fcomments&post=46805"}],"version-history":[{"count":1,"href":"https:\/\/zonaroja.com.mx\/index.php?rest_route=\/wp\/v2\/posts\/46805\/revisions"}],"predecessor-version":[{"id":46807,"href":"https:\/\/zonaroja.com.mx\/index.php?rest_route=\/wp\/v2\/posts\/46805\/revisions\/46807"}],"wp:featuredmedia":[{"embeddable":true,"href":"https:\/\/zonaroja.com.mx\/index.php?rest_route=\/wp\/v2\/media\/46806"}],"wp:attachment":[{"href":"https:\/\/zonaroja.com.mx\/index.php?rest_route=%2Fwp%2Fv2%2Fmedia&parent=46805"}],"wp:term":[{"taxonomy":"category","embeddable":true,"href":"https:\/\/zonaroja.com.mx\/index.php?rest_route=%2Fwp%2Fv2%2Fcategories&post=46805"},{"taxonomy":"post_tag","embeddable":true,"href":"https:\/\/zonaroja.com.mx\/index.php?rest_route=%2Fwp%2Fv2%2Ftags&post=46805"}],"curies":[{"name":"wp","href":"https:\/\/api.w.org\/{rel}","templated":true}]}}