{"id":46808,"date":"2022-10-12T06:32:08","date_gmt":"2022-10-12T11:32:08","guid":{"rendered":"http:\/\/www.zonaroja.com.mx\/?p=46808"},"modified":"2022-10-12T06:32:10","modified_gmt":"2022-10-12T11:32:10","slug":"inician-en-santa-lucia-del-camino-barda-en-arroyo-seco-para-prevenir-danos","status":"publish","type":"post","link":"https:\/\/zonaroja.com.mx\/?p=46808","title":{"rendered":"Inician en Santa Luc\u00eda del Camino barda en arroyo seco, para prevenir da\u00f1os"},"content":{"rendered":"\n<p>Redacci\u00f3n\/Zona Roja.<\/p>\n\n\n\n<p>Oaxaca de Ju\u00e1rez, Oax., a 12 de octubre de 2022.- Con una promesa m\u00e1s cumplida, el presidente municipal de Santa Luc\u00eda del Camino, Juan Carlos Garc\u00eda M\u00e1rquez, arranc\u00f3 la obra para la construcci\u00f3n del muro de contenci\u00f3n en el arroyo seco, que atraviesa nuestro municipio.<\/p>\n\n\n\n<p>En el acto inaugural realizado en la calle Para\u00edso, entre la calle 12 de Octubre y la avenida L\u00e1zaro C\u00e1rdenas, en la colonia Bosque Sur, el edil resalt\u00f3 la importancia que tendr\u00e1 esta obra para evitar el desbordamiento del arroyo durante la temporada de lluvias, y con ello proteger el patrimonio de las familias.<\/p>\n\n\n\n<p>Por su parte, las y los habitantes de la colonia Bosque Sur, Sector Para\u00edso, agradecieron al ayuntamiento de Santa Luc\u00eda del Camino por atender su solicitud para la ejecuci\u00f3n de esta obra, ya que hasta la fecha no hab\u00eda sido tomada en cuenta.<\/p>\n\n\n\n<p>A su vez, reiteraron que el muro de contenci\u00f3n era un proyecto de suma importancia para la zona, toda vez que en \u00e9pocas de lluvia existe el riesgo de desbordamiento, lo cual puede ocasionar graves da\u00f1os a las viviendas del sector.<\/p>\n\n\n\n<p>Por lo tanto, gracias a este muro que ser\u00e1 construido por el municipio, y que tendr\u00e1 10 metros de longitud con una altura de 3.30 metros, las y los vecinos de Santa Luc\u00eda del Camino podr\u00e1n vivir tranquilos durante la temporada de lluvias, teniendo mayor seguridad para su patrimonio y sus familias.<\/p>\n","protected":false},"excerpt":{"rendered":"<p>Redacci\u00f3n\/Zona Roja. Oaxaca de Ju\u00e1rez, Oax., a 12 de octubre de 2022.- Con una promesa&hellip;<\/p>\n","protected":false},"author":2,"featured_media":46810,"comment_status":"closed","ping_status":"open","sticky":false,"template":"","format":"standard","meta":{"_lmt_disableupdate":"","_lmt_disable":"","_jetpack_memberships_contains_paid_content":false,"footnotes":""},"categories":[109,46],"tags":[337],"class_list":["post-46808","post","type-post","status-publish","format-standard","has-post-thumbnail","hentry","category-minuto-a-minuto","category-zona-blanca","tag-santa-lucia-del-camino"],"jetpack_featured_media_url":"https:\/\/zonaroja.com.mx\/wp-content\/uploads\/2022\/10\/Obras-Santa-Lucia-del-Camino-Garcia-Marquez.jpeg","jetpack_sharing_enabled":true,"_links":{"self":[{"href":"https:\/\/zonaroja.com.mx\/index.php?rest_route=\/wp\/v2\/posts\/46808","targetHints":{"allow":["GET"]}}],"collection":[{"href":"https:\/\/zonaroja.com.mx\/index.php?rest_route=\/wp\/v2\/posts"}],"about":[{"href":"https:\/\/zonaroja.com.mx\/index.php?rest_route=\/wp\/v2\/types\/post"}],"author":[{"embeddable":true,"href":"https:\/\/zonaroja.com.mx\/index.php?rest_route=\/wp\/v2\/users\/2"}],"replies":[{"embeddable":true,"href":"https:\/\/zonaroja.com.mx\/index.php?rest_route=%2Fwp%2Fv2%2Fcomments&post=46808"}],"version-history":[{"count":1,"href":"https:\/\/zonaroja.com.mx\/index.php?rest_route=\/wp\/v2\/posts\/46808\/revisions"}],"predecessor-version":[{"id":46811,"href":"https:\/\/zonaroja.com.mx\/index.php?rest_route=\/wp\/v2\/posts\/46808\/revisions\/46811"}],"wp:featuredmedia":[{"embeddable":true,"href":"https:\/\/zonaroja.com.mx\/index.php?rest_route=\/wp\/v2\/media\/46810"}],"wp:attachment":[{"href":"https:\/\/zonaroja.com.mx\/index.php?rest_route=%2Fwp%2Fv2%2Fmedia&parent=46808"}],"wp:term":[{"taxonomy":"category","embeddable":true,"href":"https:\/\/zonaroja.com.mx\/index.php?rest_route=%2Fwp%2Fv2%2Fcategories&post=46808"},{"taxonomy":"post_tag","embeddable":true,"href":"https:\/\/zonaroja.com.mx\/index.php?rest_route=%2Fwp%2Fv2%2Ftags&post=46808"}],"curies":[{"name":"wp","href":"https:\/\/api.w.org\/{rel}","templated":true}]}}