{"id":46812,"date":"2022-10-12T06:41:40","date_gmt":"2022-10-12T11:41:40","guid":{"rendered":"http:\/\/www.zonaroja.com.mx\/?p=46812"},"modified":"2022-10-12T06:41:41","modified_gmt":"2022-10-12T11:41:41","slug":"mato-dormido-a-empresario-de-oaxaca-y-le-robo-600-mil-es-vinculada-a-proceso","status":"publish","type":"post","link":"https:\/\/zonaroja.com.mx\/?p=46812","title":{"rendered":"Mat\u00f3 dormido a empresario de Oaxaca y le rob\u00f3 $600 mil; es vinculada a proceso"},"content":{"rendered":"\n<p>Yuridiana Sosa\/ Zona Roja.<\/p>\n\n\n\n<p>Oaxaca de Ju\u00e1rez, Oax., 12 de octubre de 2022.- La justicia para la familia de Erasmos &nbsp;V. M. , empresario agr\u00edcola asesinado en la regi\u00f3n de la Cuenca, podr\u00eda llegar pronto por parte de la autoridad ministerial, ante la vinculaci\u00f3n a proceso de la mujer&nbsp; identificada como S. O. D., a 11 d\u00edas de los hechos.<\/p>\n\n\n\n<p>Sin embargo, fue la sociedad la que empez\u00f3 con la b\u00fasqueda de la probable responsable horas despu\u00e9s de su muerte ocurrida el 1 de octubre. La noticia del asesinato se corri\u00f3 como polvor\u00edn.<\/p>\n\n\n\n<p>Desde el primer momento y en agradecimiento para devolver al joven un poco de sus actos altruistas que realiz\u00f3 en Tuxtepec, la ciudadan\u00eda se uni\u00f3 en redes sociales para ayudar a la familia con la difusi\u00f3n en Facebook de la foto de la mujer presuntamente responsable del asesinato de Erasmo y del robo de unos 600 mil pesos.<\/p>\n\n\n\n<p>Erasmo encontr\u00f3 la muerte mientras descansaba en el Rancho \u201cLa B\u00e1scula\u201d, ubicado en la localidad de Llano Grande, de Santiago Yaveo, de la regi\u00f3n Cuenca, donde s\u00f3lo se localiz\u00f3 su cuerpo sin vida y con un disparo de arma de fuego en la cabeza.<\/p>\n\n\n\n<p>La foto de S.O.D con diferentes apariencias, con distintos tonos de cabello y perfil de rostro, fue difundida como virus en las redes, para localizarla.&nbsp;<\/p>\n\n\n\n<p>Amigos y conocidos expresaron condolencias por el empresario ganadero y productor de lim\u00f3n, fundador de la organizaci\u00f3n Generando Eco Tuxtepec.<\/p>\n\n\n\n<p>La Fiscal\u00eda General de Oaxaca abri\u00f3 la carpeta de investigaci\u00f3n 33870\/FCUE\/LOMBARDO\/2022 e inici\u00f3 con acciones para dar con el paradero de la presunta homicida.<\/p>\n\n\n\n<p>Finalmente S. O. D fue detenida el 4 de octubre en Guanajuato en una acci\u00f3n colaborativa de la Fiscal\u00eda General del Estado de Guanajuato y la Agencia de Investigaci\u00f3n Criminal de Guanajuato con la Fiscal\u00eda de Oaxaca.<\/p>\n\n\n\n<p>La Fiscal\u00eda General del Estado report\u00f3 este 11 de octubre que obtuvo auto de vinculaci\u00f3n a proceso contra S. O. D., probable responsable del delito de homicidio calificado en contra de E.V.M., luego que se aportaron los elementos de prueba por parte de la Vicefiscal\u00eda Regional de la Cuenca.<\/p>\n\n\n\n<p>Por lo que el Juez de Control determin\u00f3 vincular a proceso a S. O. D., imponiendo la medida cautelar de prisi\u00f3n preventiva justificada y otorg\u00f3 dos meses para el cierre de investigaci\u00f3n complementaria.<\/p>\n","protected":false},"excerpt":{"rendered":"<p>Yuridiana Sosa\/ Zona Roja. Oaxaca de Ju\u00e1rez, Oax., 12 de octubre de 2022.- La justicia&hellip;<\/p>\n","protected":false},"author":2,"featured_media":46813,"comment_status":"closed","ping_status":"open","sticky":false,"template":"","format":"standard","meta":{"_lmt_disableupdate":"","_lmt_disable":"","_jetpack_memberships_contains_paid_content":false,"footnotes":""},"categories":[109,46],"tags":[494],"class_list":["post-46812","post","type-post","status-publish","format-standard","has-post-thumbnail","hentry","category-minuto-a-minuto","category-zona-blanca","tag-fiscalia-general-del-estado-de-oaxaca"],"jetpack_featured_media_url":"https:\/\/zonaroja.com.mx\/wp-content\/uploads\/2022\/10\/Empresario-Erasmo-Saori-Yaveo-Tuxtepec.webp","jetpack_sharing_enabled":true,"_links":{"self":[{"href":"https:\/\/zonaroja.com.mx\/index.php?rest_route=\/wp\/v2\/posts\/46812","targetHints":{"allow":["GET"]}}],"collection":[{"href":"https:\/\/zonaroja.com.mx\/index.php?rest_route=\/wp\/v2\/posts"}],"about":[{"href":"https:\/\/zonaroja.com.mx\/index.php?rest_route=\/wp\/v2\/types\/post"}],"author":[{"embeddable":true,"href":"https:\/\/zonaroja.com.mx\/index.php?rest_route=\/wp\/v2\/users\/2"}],"replies":[{"embeddable":true,"href":"https:\/\/zonaroja.com.mx\/index.php?rest_route=%2Fwp%2Fv2%2Fcomments&post=46812"}],"version-history":[{"count":1,"href":"https:\/\/zonaroja.com.mx\/index.php?rest_route=\/wp\/v2\/posts\/46812\/revisions"}],"predecessor-version":[{"id":46814,"href":"https:\/\/zonaroja.com.mx\/index.php?rest_route=\/wp\/v2\/posts\/46812\/revisions\/46814"}],"wp:featuredmedia":[{"embeddable":true,"href":"https:\/\/zonaroja.com.mx\/index.php?rest_route=\/wp\/v2\/media\/46813"}],"wp:attachment":[{"href":"https:\/\/zonaroja.com.mx\/index.php?rest_route=%2Fwp%2Fv2%2Fmedia&parent=46812"}],"wp:term":[{"taxonomy":"category","embeddable":true,"href":"https:\/\/zonaroja.com.mx\/index.php?rest_route=%2Fwp%2Fv2%2Fcategories&post=46812"},{"taxonomy":"post_tag","embeddable":true,"href":"https:\/\/zonaroja.com.mx\/index.php?rest_route=%2Fwp%2Fv2%2Ftags&post=46812"}],"curies":[{"name":"wp","href":"https:\/\/api.w.org\/{rel}","templated":true}]}}