{"id":46815,"date":"2022-10-12T12:43:00","date_gmt":"2022-10-12T17:43:00","guid":{"rendered":"http:\/\/www.zonaroja.com.mx\/?p=46815"},"modified":"2022-10-12T06:51:22","modified_gmt":"2022-10-12T11:51:22","slug":"ambulantaje-tambien-gana-batalla-a-martinez-neri-pese-a-operativos","status":"publish","type":"post","link":"https:\/\/zonaroja.com.mx\/?p=46815","title":{"rendered":"Ambulantaje tambi\u00e9n gana batalla a Mart\u00ednez Neri, pese a operativos"},"content":{"rendered":"\n<p>Yuridiana Sosa\/Zona Roja.<\/p>\n\n\n\n<p>Oaxaca de Ju\u00e1rez, Oax., 12 de octubre de 2022.- No s\u00f3lo la inseguridad tiene en la lona al edil de la capital de Oaxaca. A la vista de todos, sigilosa o atrevidamente, el comercio informal se apropia de m\u00e1s calles en la ciudad, pese a operativos que sostiene, cada vez menos, el ayuntamiento de Oaxaca de Ju\u00e1rez.<\/p>\n\n\n\n<p>El deseo del edil de la capital, Francisco Mart\u00ednez Neri, de limpiar el Centro Hist\u00f3rico de ambulantes que no cuentan con permisos para su actividad se ve entorpecido por la necesidad de un autoempleo, o por propias agrupaciones sociales que siguen retando a la autoridad para apropiarse de las calles.<\/p>\n\n\n\n<p>A 10 meses del gobierno municipal de la \u201cCuarta Transformaci\u00f3n\u201d, el comercio ambulante s\u00f3lo simul\u00f3 una tregua, pero se migr\u00f3 de las principales calles situadas a dos o tres cuadras alrededor del z\u00f3calo de la capital.<\/p>\n\n\n\n<p>Como ocurre en la calle de Doctor Pardo, en punto importante de paso para los ciudadanos que llegan de diferentes centrales de transporte provenientes de varios municipios de los Valles Centrales.<\/p>\n\n\n\n<p>Mesas, rejillas, carritos y sombrillas atiborran las banquetas de esa vialidad con venta de verduras, comida r\u00e1pida, postres, jugos, tejate, entre otros productos, que desde las primeras horas del d\u00eda se expiden, desafiando los operativos municipales contra la instalaci\u00f3n de nuevos y m\u00e1s puestos ambulantes.<\/p>\n\n\n\n<p>Situaci\u00f3n similar en la avenida Independencia, frente al mercado Cuarto Centenario, donde a pesar de estar a pocos metros del Palacio Municipal, los comerciantes informales logran la instalaci\u00f3n de sus puestos.<\/p>\n\n\n\n<p>Tambi\u00e9n una banqueta amplia de la misma avenida pero a un costado del templo de La Soledad, ya es ocupado por al menos media docena de puestos de todo tipo de productos.<\/p>\n\n\n\n<p>FALLIDOS OPERATIVOS<\/p>\n\n\n\n<p>Desde el inicio de la administraci\u00f3n municipal, el presidente Francisco Mart\u00ednez Neri retom\u00f3 el programa contra el ambulantaje, heredado por el gobierno de Oswaldo Garc\u00eda Jarqu\u00edn, quien se vio rebasado por el comercio informal en el Centro Hist\u00f3rico.<\/p>\n\n\n\n<p>Mart\u00ednez Neri prometi\u00f3 un reordenamiento eficaz, que result\u00f3 en diversos conatos de bronca entre funcionarios del \u00e1rea de comercio en v\u00eda p\u00fablica, polic\u00edas municipales y ambulantes, que defendieron sus puntos de ventas.<\/p>\n\n\n\n<p>Los resultados se distinguen en algunas calles que rodean el z\u00f3calo y Palacio de Gobierno, donde por varias semanas permanecieron hasta vallas met\u00e1licas y vigilancia policial para evitar la reinstalaci\u00f3n de \u00e9stos. Tras ellos, los nuevos puestos no dejan de aparecer.&nbsp;<\/p>\n","protected":false},"excerpt":{"rendered":"<p>Yuridiana Sosa\/Zona Roja. Oaxaca de Ju\u00e1rez, Oax., 12 de octubre de 2022.- No s\u00f3lo la&hellip;<\/p>\n","protected":false},"author":2,"featured_media":46816,"comment_status":"closed","ping_status":"open","sticky":false,"template":"","format":"standard","meta":{"_lmt_disableupdate":"","_lmt_disable":"","_jetpack_memberships_contains_paid_content":false,"footnotes":""},"categories":[109,47],"tags":[2418],"class_list":["post-46815","post","type-post","status-publish","format-standard","has-post-thumbnail","hentry","category-minuto-a-minuto","category-zona-gris","tag-francisco-martinez-neri"],"jetpack_featured_media_url":"https:\/\/zonaroja.com.mx\/wp-content\/uploads\/2022\/10\/Ambulantes-jardin-San-Francisco-ciudad-de-Oaxaca.jpg","jetpack_sharing_enabled":true,"_links":{"self":[{"href":"https:\/\/zonaroja.com.mx\/index.php?rest_route=\/wp\/v2\/posts\/46815","targetHints":{"allow":["GET"]}}],"collection":[{"href":"https:\/\/zonaroja.com.mx\/index.php?rest_route=\/wp\/v2\/posts"}],"about":[{"href":"https:\/\/zonaroja.com.mx\/index.php?rest_route=\/wp\/v2\/types\/post"}],"author":[{"embeddable":true,"href":"https:\/\/zonaroja.com.mx\/index.php?rest_route=\/wp\/v2\/users\/2"}],"replies":[{"embeddable":true,"href":"https:\/\/zonaroja.com.mx\/index.php?rest_route=%2Fwp%2Fv2%2Fcomments&post=46815"}],"version-history":[{"count":1,"href":"https:\/\/zonaroja.com.mx\/index.php?rest_route=\/wp\/v2\/posts\/46815\/revisions"}],"predecessor-version":[{"id":46817,"href":"https:\/\/zonaroja.com.mx\/index.php?rest_route=\/wp\/v2\/posts\/46815\/revisions\/46817"}],"wp:featuredmedia":[{"embeddable":true,"href":"https:\/\/zonaroja.com.mx\/index.php?rest_route=\/wp\/v2\/media\/46816"}],"wp:attachment":[{"href":"https:\/\/zonaroja.com.mx\/index.php?rest_route=%2Fwp%2Fv2%2Fmedia&parent=46815"}],"wp:term":[{"taxonomy":"category","embeddable":true,"href":"https:\/\/zonaroja.com.mx\/index.php?rest_route=%2Fwp%2Fv2%2Fcategories&post=46815"},{"taxonomy":"post_tag","embeddable":true,"href":"https:\/\/zonaroja.com.mx\/index.php?rest_route=%2Fwp%2Fv2%2Ftags&post=46815"}],"curies":[{"name":"wp","href":"https:\/\/api.w.org\/{rel}","templated":true}]}}