{"id":46821,"date":"2022-10-12T09:47:00","date_gmt":"2022-10-12T14:47:00","guid":{"rendered":"http:\/\/www.zonaroja.com.mx\/?p=46821"},"modified":"2022-10-12T07:49:58","modified_gmt":"2022-10-12T12:49:58","slug":"concejal-latina-de-los-angeles-no-se-disculpo-por-racismo-contra-oaxaquenos","status":"publish","type":"post","link":"https:\/\/zonaroja.com.mx\/?p=46821","title":{"rendered":"Concejal latina de Los \u00c1ngeles no se disculp\u00f3 por racismo contra oaxaque\u00f1os"},"content":{"rendered":"\n<p>Redacci\u00f3n\/Zona Roja Cdmx.<\/p>\n\n\n\n<p>Ciudad de M\u00e9xico, a 12 de octubre de 2022.- El presidente Joe Biden no solo pidi\u00f3 la renuncia de Nury Mart\u00ednez, sino de tres miembros del Concejo Municipal de Los \u00c1ngeles, despu\u00e9s de que las grabaciones filtradas los capturaran usando lenguaje racista y conspirando para consolidar el poder.<\/p>\n\n\n\n<p>\u201c\u00c9l cree que todos deber\u00edan renunciar\u201d, dijo a los periodistas la secretaria de prensa de la Casa Blanca, Karine Jean-Pierre, en una sesi\u00f3n informativa. \u201cTodos deber\u00edan renunciar\u201d.<\/p>\n\n\n\n<p>La condena del presidente es el \u00faltimo y m\u00e1s fuerte llamado de una amplia franja de funcionarios p\u00fablicos que exigen que los miembros, todos dem\u00f3cratas, renuncien a sus esca\u00f1os a la luz de los impactantes comentarios grabados.<\/p>\n\n\n\n<p>La presidenta del Concejo de Los \u00c1ngeles, Nury Mart\u00ednez, hizo comentarios racistas sobre el hijo de otro concejal, Mike Bonin, y ahora enfrenta severas cr\u00edticas y llamados a ser removida de su posici\u00f3n, incluso a que renuncie como concejal, luego de que se dieran a conocer los audios.<\/p>\n\n\n\n<p>El esc\u00e1ndalo que se ha desatado a escala nacional ocurre en medio del proceso electoral y tambi\u00e9n involucra a los concejales Kevin Le\u00f3n y Gil Cedillo, haciendo comentarios discriminatorios incluso contra hispanos, particularmente gente originaria de Oaxaca.<\/p>\n\n\n\n<p>Cedillo: S\u00ed, es llamada ciudad coreana, s\u00ed.<\/p>\n\n\n\n<p>Mart\u00ednez: Veo mucha gente morena y chaparra. (Carcajadas)<\/p>\n\n\n\n<p>Cedillo: Puro coreano oaxaque\u00f1o. Ni siquiera como Kevin, unos chaparros.<\/p>\n\n\n\n<p>Mart\u00ednez: Me qued\u00e9 como, no s\u00e9 a qu\u00e9 villa vine, c\u00f3mo llegu\u00e9 aqu\u00ed, pero. (Carcajadas) \u00a1Est\u00e1n feos!<\/p>\n\n\n\n<p>CONTRA NEGROS<\/p>\n\n\n\n<p>El audio que desat\u00f3 el esc\u00e1ndalo a nivel nacional est\u00e1 relacionado con las expresiones que Mart\u00ednez hace contra el hijo del concejal Bonin, un ni\u00f1o de raza negra.<\/p>\n\n\n\n<p>Mart\u00ednez afirma que se dej\u00f3 llevar por el \u201cenojo\u201d del momento, pero en el audio no se escucha que est\u00e9 molesta.<\/p>\n\n\n\n<p>\u201c\u00a1Parece changuito!\u201d, dijo la concejal sobre el ni\u00f1o.<\/p>\n\n\n\n<p>Bonin critic\u00f3 las expresiones de su colega, no solamente por el car\u00e1cter racista, sino tambi\u00e9n por amagar con golpear al ni\u00f1o.<\/p>\n\n\n\n<p>\u201cLo est\u00e1n criando como a un ni\u00f1o blanco\u201d, dijo la concejal. \u201cPens\u00e9, este chico necesita una paliza. D\u00e9jame llevarlo a la vuelta de la esquina y luego lo traer\u00e9 de vuelta\u201d.<\/p>\n\n\n\n<p>La historia original fue publicada por L.A. Times.<\/p>\n\n\n\n<p>Bonin y su esposo, Sean Arian, pidieron la destituci\u00f3n de Mart\u00ednez como presidenta.<\/p>\n\n\n\n<p>\u201cEstamos consternados, enojados y absolutamente disgustados, porque Nury Mart\u00ednez atac\u00f3 a nuestro hijo con horribles insultos racistas y habl\u00f3 sobre su deseo de da\u00f1arlo f\u00edsicamente. Es vil, abominable y completamente vergonzoso\u201d, dijo la pareja en un comunicado conjunto.<\/p>\n\n\n\n<p>Tras las revelaciones, Mart\u00ednez se disculp\u00f3, pero al menos una veintena de polic\u00edas fueron enviados a sus vivienda, para evitar posibles ataques.<\/p>\n\n\n\n<p>(Informaci\u00f3n de \u201cLa Opini\u00f3n\u201d de Los \u00c1ngeles)<\/p>\n","protected":false},"excerpt":{"rendered":"<p>Redacci\u00f3n\/Zona Roja Cdmx. Ciudad de M\u00e9xico, a 12 de octubre de 2022.- El presidente Joe&hellip;<\/p>\n","protected":false},"author":2,"featured_media":46822,"comment_status":"closed","ping_status":"open","sticky":false,"template":"","format":"standard","meta":{"_lmt_disableupdate":"","_lmt_disable":"","_jetpack_memberships_contains_paid_content":false,"footnotes":""},"categories":[109,47],"tags":[3278],"class_list":["post-46821","post","type-post","status-publish","format-standard","has-post-thumbnail","hentry","category-minuto-a-minuto","category-zona-gris","tag-nury-martinez-los-angeles"],"jetpack_featured_media_url":"https:\/\/zonaroja.com.mx\/wp-content\/uploads\/2022\/10\/Nury-Martinez-Los-Angeles-scaled.jpeg","jetpack_sharing_enabled":true,"_links":{"self":[{"href":"https:\/\/zonaroja.com.mx\/index.php?rest_route=\/wp\/v2\/posts\/46821","targetHints":{"allow":["GET"]}}],"collection":[{"href":"https:\/\/zonaroja.com.mx\/index.php?rest_route=\/wp\/v2\/posts"}],"about":[{"href":"https:\/\/zonaroja.com.mx\/index.php?rest_route=\/wp\/v2\/types\/post"}],"author":[{"embeddable":true,"href":"https:\/\/zonaroja.com.mx\/index.php?rest_route=\/wp\/v2\/users\/2"}],"replies":[{"embeddable":true,"href":"https:\/\/zonaroja.com.mx\/index.php?rest_route=%2Fwp%2Fv2%2Fcomments&post=46821"}],"version-history":[{"count":1,"href":"https:\/\/zonaroja.com.mx\/index.php?rest_route=\/wp\/v2\/posts\/46821\/revisions"}],"predecessor-version":[{"id":46823,"href":"https:\/\/zonaroja.com.mx\/index.php?rest_route=\/wp\/v2\/posts\/46821\/revisions\/46823"}],"wp:featuredmedia":[{"embeddable":true,"href":"https:\/\/zonaroja.com.mx\/index.php?rest_route=\/wp\/v2\/media\/46822"}],"wp:attachment":[{"href":"https:\/\/zonaroja.com.mx\/index.php?rest_route=%2Fwp%2Fv2%2Fmedia&parent=46821"}],"wp:term":[{"taxonomy":"category","embeddable":true,"href":"https:\/\/zonaroja.com.mx\/index.php?rest_route=%2Fwp%2Fv2%2Fcategories&post=46821"},{"taxonomy":"post_tag","embeddable":true,"href":"https:\/\/zonaroja.com.mx\/index.php?rest_route=%2Fwp%2Fv2%2Ftags&post=46821"}],"curies":[{"name":"wp","href":"https:\/\/api.w.org\/{rel}","templated":true}]}}