{"id":46838,"date":"2022-10-12T13:41:08","date_gmt":"2022-10-12T18:41:08","guid":{"rendered":"https:\/\/www.zonaroja.com.mx\/?p=46838"},"modified":"2022-10-12T13:41:09","modified_gmt":"2022-10-12T18:41:09","slug":"detienen-a-segundo-implicado-en-desaparicion-de-ex-funcionario-de-los-sso","status":"publish","type":"post","link":"https:\/\/zonaroja.com.mx\/?p=46838","title":{"rendered":"Detienen a segundo implicado en desaparici\u00f3n de ex funcionario de los SSO"},"content":{"rendered":"\n<p>Ismael Garc\u00eda M.\/Zona Roja.&nbsp;<\/p>\n\n\n\n<p>Oaxaca de Ju\u00e1rez, Oax., a 12 de octubre de 2022.- Personal de la Fiscal\u00eda General del Estado de Oaxaca (FGEO) detuvo a un segundo implicado en la desaparici\u00f3n del ex funcionario de los Servicios de Salud de Oaxaca (SSO), David Concha Su\u00e1rez.<\/p>\n\n\n\n<p>Se trata de Felipe de Jes\u00fas M. P., conocido como \u201cEl Richi\u201d, quien presuntamente particip\u00f3 en la desaparici\u00f3n forzada de quien se desempe\u00f1\u00f3 como director de Administraci\u00f3n de los SSO.&nbsp;<\/p>\n\n\n\n<p>De acuerdo con datos preliminares, fue aprehendido ayer martes por elementos de la Agencia Estatal de Investigaciones (AEI) en inmediaciones de Zimatl\u00e1n.<\/p>\n\n\n\n<p>Fue entre la noche del 8 y la madrugada del 9 de mayo del a\u00f1o 2021 en que Concha Su\u00e1rez fue privado de su libertad, cuando se encontraba en su domicilio, ubicado en el Barrio San Juan de Zimatl\u00e1n; su veh\u00edculo fue hallado en jurisdicci\u00f3n de Zaachila.<\/p>\n\n\n\n<p>Una primera detenida, a inicios de septiembre del a\u00f1o pasado, por este caso es Ana Luisa C. P., quien se encuentra actualmente sujeta a proceso penal, pues presuntamente tendr\u00eda alg\u00fan grado de participaci\u00f3n en la comisi\u00f3n de este delito. <\/p>\n","protected":false},"excerpt":{"rendered":"<p>Ismael Garc\u00eda M.\/Zona Roja.&nbsp; Oaxaca de Ju\u00e1rez, Oax., a 12 de octubre de 2022.- Personal&hellip;<\/p>\n","protected":false},"author":2,"featured_media":31645,"comment_status":"closed","ping_status":"open","sticky":false,"template":"","format":"standard","meta":{"_lmt_disableupdate":"","_lmt_disable":"","_jetpack_memberships_contains_paid_content":false,"footnotes":""},"categories":[109,46],"tags":[3279],"class_list":["post-46838","post","type-post","status-publish","format-standard","has-post-thumbnail","hentry","category-minuto-a-minuto","category-zona-blanca","tag-fiscalia"],"jetpack_featured_media_url":"https:\/\/zonaroja.com.mx\/wp-content\/uploads\/2021\/09\/David-Concha-Suarez.jpg","jetpack_sharing_enabled":true,"_links":{"self":[{"href":"https:\/\/zonaroja.com.mx\/index.php?rest_route=\/wp\/v2\/posts\/46838","targetHints":{"allow":["GET"]}}],"collection":[{"href":"https:\/\/zonaroja.com.mx\/index.php?rest_route=\/wp\/v2\/posts"}],"about":[{"href":"https:\/\/zonaroja.com.mx\/index.php?rest_route=\/wp\/v2\/types\/post"}],"author":[{"embeddable":true,"href":"https:\/\/zonaroja.com.mx\/index.php?rest_route=\/wp\/v2\/users\/2"}],"replies":[{"embeddable":true,"href":"https:\/\/zonaroja.com.mx\/index.php?rest_route=%2Fwp%2Fv2%2Fcomments&post=46838"}],"version-history":[{"count":1,"href":"https:\/\/zonaroja.com.mx\/index.php?rest_route=\/wp\/v2\/posts\/46838\/revisions"}],"predecessor-version":[{"id":46839,"href":"https:\/\/zonaroja.com.mx\/index.php?rest_route=\/wp\/v2\/posts\/46838\/revisions\/46839"}],"wp:featuredmedia":[{"embeddable":true,"href":"https:\/\/zonaroja.com.mx\/index.php?rest_route=\/wp\/v2\/media\/31645"}],"wp:attachment":[{"href":"https:\/\/zonaroja.com.mx\/index.php?rest_route=%2Fwp%2Fv2%2Fmedia&parent=46838"}],"wp:term":[{"taxonomy":"category","embeddable":true,"href":"https:\/\/zonaroja.com.mx\/index.php?rest_route=%2Fwp%2Fv2%2Fcategories&post=46838"},{"taxonomy":"post_tag","embeddable":true,"href":"https:\/\/zonaroja.com.mx\/index.php?rest_route=%2Fwp%2Fv2%2Ftags&post=46838"}],"curies":[{"name":"wp","href":"https:\/\/api.w.org\/{rel}","templated":true}]}}