{"id":46840,"date":"2022-10-12T15:32:39","date_gmt":"2022-10-12T20:32:39","guid":{"rendered":"http:\/\/www.zonaroja.com.mx\/?p=46840"},"modified":"2022-10-12T15:32:41","modified_gmt":"2022-10-12T20:32:41","slug":"muestra-oaxaca-al-pais-su-magia-de-bloqueos-y-protestas","status":"publish","type":"post","link":"https:\/\/zonaroja.com.mx\/?p=46840","title":{"rendered":"Muestra Oaxaca al pa\u00eds su \u201cmagia\u201d de bloqueos y protestas"},"content":{"rendered":"\n<p>Redacci\u00f3n\/Zona Roja.<\/p>\n\n\n\n<p>Oaxaca de Ju\u00e1rez, Oax., a 12 de octubre de 2022.- En el marco del D\u00eda de la Raza y del inicio del Cuarto Tianguis de los Pueblos M\u00e1gicos, Oaxaca recibi\u00f3 a los visitantes de diversas entidades del pa\u00eds con marchas y protestas, en la capital, zona conurbada y el interior del estad.<\/p>\n\n\n\n<p>El encuentro nacional tiene como sede el Centro de Convenciones, ubicado en jurisdicci\u00f3n de Santa Mar\u00eda Ixcotel, Santa Luc\u00eda del Camino, y donde alrededor de las 09:00 horas inici\u00f3 la primera manifestaci\u00f3n.<\/p>\n\n\n\n<p>Integrantes de la Uni\u00f3n de Comunidades de la Sierra Ju\u00e1rez bloquearon el acceso principal en demanda de atenci\u00f3n gubernamental en materia de obra p\u00fablica.<\/p>\n\n\n\n<p>Tuvo que llegar personal policiaco, principalmente de la Polic\u00eda Auxiliar, Bancaria, Industrial y Comercial, para convencerlos de moverse al acceso al estacionamiento.<\/p>\n\n\n\n<p>Casi a esa misma hora, en el Palacio de Gobierno, afiliados a la Alianza de Pueblos en Defensa del Territorio, arribaron con violencia al Palacio de Gobierno, para retirar las vallas y posteriormente \u201ctomar\u201d los accesos al inmueble ubicado en el Centro Hist\u00f3rico.<\/p>\n\n\n\n<figure class=\"wp-block-embed is-type-rich is-provider-twitter wp-block-embed-twitter\"><div class=\"wp-block-embed__wrapper\">\n<div class=\"twitter-tweet\"><blockquote class=\"twitter-tweet\" data-lang=\"es\"><p lang=\"es\" dir=\"ltr\">Integrantes de la Uni\u00f3n de Comunidades de la Sierra Ju\u00e1rez mantienen su protesta en el exterior del Centro de Convenciones de Oaxaca,en el acceso al estacionamiento.<br>Amagan con volver a impedir acceso al Tianguis de los Pueblos M\u00e1gicos, ante desd\u00e9n de la <a href=\"https:\/\/twitter.com\/SEGEGO_GobOax?ref_src=twsrc%5Etfw\">@SEGEGO_GobOax<\/a>. <a href=\"https:\/\/t.co\/Yeuu9HjGWT\">pic.twitter.com\/Yeuu9HjGWT<\/a><\/p>&mdash; Zona Roja Oaxaca (@ZonaRoja_Oaxaca) <a href=\"https:\/\/twitter.com\/ZonaRoja_Oaxaca\/status\/1580226975557246976?ref_src=twsrc%5Etfw\">12 de octubre de 2022<\/a><\/blockquote><\/div>\n<\/div><\/figure>\n\n\n\n<p>Alrededor de las 11:00 horas, al Centro de Convenciones arribaron de nuevo familias de los desplazados de Santiago Progreso, en el d\u00eda 42 de la retenci\u00f3n de 10 personas en San Pedro Ozumac\u00edn.<\/p>\n\n\n\n<p>Seg\u00fan declararon en entrevista, el gobernador Alejandro Murat les prometi\u00f3 anoche resolver esta misma semana la problem\u00e1tica, pero la Secretar\u00eda General de Gobierno ignora los acuerdos alcanzados y s\u00f3lo les ha dado largas.<\/p>\n\n\n\n<p>Al final aceptaron una en\u00e9sima mesa de negociaci\u00f3n, hoy a las 16:00 horas, en caso contrario instalar\u00edan de nuevo su huelga de hambre en la capital.<\/p>\n\n\n\n<p>Mientras que en la Plaza de la Danza de la ciudad de Oaxaca se llev\u00f3 a cabo el Encuentro Estatal de los Pueblos de Oaxaca, con la participaci\u00f3n de diversas organizaciones sociales que, al t\u00e9rmino, efectuaron una marcha hacia el z\u00f3calo capitalino.<\/p>\n\n\n\n<figure class=\"wp-block-embed is-type-rich is-provider-twitter wp-block-embed-twitter\"><div class=\"wp-block-embed__wrapper\">\n<div class=\"twitter-tweet\"><blockquote class=\"twitter-tweet\" data-lang=\"es\"><p lang=\"es\" dir=\"ltr\"><a href=\"https:\/\/twitter.com\/hashtag\/%C3%9AltimoMinuto?src=hash&amp;ref_src=twsrc%5Etfw\">#\u00daltimoMinuto<\/a> <br>Y mientras todo el gobierno se encuentra en el Centro de Convenciones, organizaciones adheridas a la Asamblea de Pueblos en Defensa del Territorio, se apoderan de manera violenta del Palacio de Gobierno, en el centro de la ciudad de <a href=\"https:\/\/twitter.com\/hashtag\/Oaxaca?src=hash&amp;ref_src=twsrc%5Etfw\">#Oaxaca<\/a>. <a href=\"https:\/\/t.co\/48JuUVaXFV\">pic.twitter.com\/48JuUVaXFV<\/a><\/p>&mdash; Zona Roja Oaxaca (@ZonaRoja_Oaxaca) <a href=\"https:\/\/twitter.com\/ZonaRoja_Oaxaca\/status\/1580228122326470657?ref_src=twsrc%5Etfw\">12 de octubre de 2022<\/a><\/blockquote><\/div>\n<\/div><\/figure>\n\n\n\n<p>En la Mixteca, pobladores de Santa Mar\u00eda Tutla reactivaron sus bloqueos en la v\u00eda federal, tramo Huajuapan-Oaxaca, para insistir en que la cabecera municipal, San Andr\u00e9s Dinicuiti, les entregue los recursos presupuestales correspondientes.<\/p>\n\n\n\n<p>En la regi\u00f3n del Istmo de Tehuantepec persisten al menos tres bloqueos, uno de ellos en la zona oriente, en el tramo carretero Niltepec-Zanatepec.<\/p>\n\n\n\n<p>Otro m\u00e1s en cierran el paso vehicular Santo Domingo Chihuat\u00e1n-Ciudad Ixtepec, por una problem\u00e1tica con el transporte p\u00fablico, al querer comuneros de Chihuit\u00e1n operar una unidad de la comunidad.<\/p>\n\n\n\n<p>Un tercer bloqueo se lleva a cabo en las v\u00edas f\u00e9rreas del Corredor Interoce\u00e1nico, por noveno d\u00eda, por parte de pobladores del Ejido Estaci\u00f3n Mogo\u00f1\u00e9, San Juan Guichicovi, que demandan indemnizaci\u00f3n adecuada de sus tierras.<\/p>\n\n\n\n<figure class=\"wp-block-embed is-type-rich is-provider-twitter wp-block-embed-twitter\"><div class=\"wp-block-embed__wrapper\">\n<div class=\"twitter-tweet\"><blockquote class=\"twitter-tweet\" data-lang=\"es\"><p lang=\"es\" dir=\"ltr\">Ni el gobernador <a href=\"https:\/\/twitter.com\/alejandromurat?ref_src=twsrc%5Etfw\">@alejandromurat<\/a> ni la <a href=\"https:\/\/twitter.com\/SEGEGO_GobOax?ref_src=twsrc%5Etfw\">@SEGEGO_GobOax<\/a> se ponen de acuerdo en las respuestas a la problem\u00e1tica, denuncian familiares de los retenidos de Santiago Progreso. <br>Volvieron a protestar hoy, en sede del Centro de Convenciones. <br>El mandatario prometi\u00f3 solucion esta semana. <a href=\"https:\/\/t.co\/6nWstQKRrI\">pic.twitter.com\/6nWstQKRrI<\/a><\/p>&mdash; Zona Roja Oaxaca (@ZonaRoja_Oaxaca) <a href=\"https:\/\/twitter.com\/ZonaRoja_Oaxaca\/status\/1580250680329400320?ref_src=twsrc%5Etfw\">12 de octubre de 2022<\/a><\/blockquote><\/div>\n<\/div><\/figure>\n","protected":false},"excerpt":{"rendered":"<p>Redacci\u00f3n\/Zona Roja. Oaxaca de Ju\u00e1rez, Oax., a 12 de octubre de 2022.- En el marco&hellip;<\/p>\n","protected":false},"author":2,"featured_media":46841,"comment_status":"closed","ping_status":"open","sticky":false,"template":"","format":"standard","meta":{"_lmt_disableupdate":"","_lmt_disable":"","_jetpack_memberships_contains_paid_content":false,"footnotes":""},"categories":[109,47],"tags":[2254],"class_list":["post-46840","post","type-post","status-publish","format-standard","has-post-thumbnail","hentry","category-minuto-a-minuto","category-zona-gris","tag-protestas-y-bloqueos-oaxaca"],"jetpack_featured_media_url":"https:\/\/zonaroja.com.mx\/wp-content\/uploads\/2022\/10\/Bloquueos-Oaxaca-Istmo.jpg","jetpack_sharing_enabled":true,"_links":{"self":[{"href":"https:\/\/zonaroja.com.mx\/index.php?rest_route=\/wp\/v2\/posts\/46840","targetHints":{"allow":["GET"]}}],"collection":[{"href":"https:\/\/zonaroja.com.mx\/index.php?rest_route=\/wp\/v2\/posts"}],"about":[{"href":"https:\/\/zonaroja.com.mx\/index.php?rest_route=\/wp\/v2\/types\/post"}],"author":[{"embeddable":true,"href":"https:\/\/zonaroja.com.mx\/index.php?rest_route=\/wp\/v2\/users\/2"}],"replies":[{"embeddable":true,"href":"https:\/\/zonaroja.com.mx\/index.php?rest_route=%2Fwp%2Fv2%2Fcomments&post=46840"}],"version-history":[{"count":1,"href":"https:\/\/zonaroja.com.mx\/index.php?rest_route=\/wp\/v2\/posts\/46840\/revisions"}],"predecessor-version":[{"id":46842,"href":"https:\/\/zonaroja.com.mx\/index.php?rest_route=\/wp\/v2\/posts\/46840\/revisions\/46842"}],"wp:featuredmedia":[{"embeddable":true,"href":"https:\/\/zonaroja.com.mx\/index.php?rest_route=\/wp\/v2\/media\/46841"}],"wp:attachment":[{"href":"https:\/\/zonaroja.com.mx\/index.php?rest_route=%2Fwp%2Fv2%2Fmedia&parent=46840"}],"wp:term":[{"taxonomy":"category","embeddable":true,"href":"https:\/\/zonaroja.com.mx\/index.php?rest_route=%2Fwp%2Fv2%2Fcategories&post=46840"},{"taxonomy":"post_tag","embeddable":true,"href":"https:\/\/zonaroja.com.mx\/index.php?rest_route=%2Fwp%2Fv2%2Ftags&post=46840"}],"curies":[{"name":"wp","href":"https:\/\/api.w.org\/{rel}","templated":true}]}}